{"id":305,"date":"2009-09-25T12:39:59","date_gmt":"2009-09-25T10:39:59","guid":{"rendered":"http:\/\/fixaformen.se\/blogg\/?p=305"},"modified":"2009-09-25T12:39:59","modified_gmt":"2009-09-25T10:39:59","slug":"en-sadan-har-vill-jag-ha","status":"publish","type":"post","link":"https:\/\/fixaformen.se\/blogg\/foto\/en-sadan-har-vill-jag-ha\/","title":{"rendered":"En s\u00e5dan h\u00e4r vill jag ha!"},"content":{"rendered":"<div id=\"attachment_306\" style=\"width: 310px\" class=\"wp-caption aligncenter\"><a class=\"lightbox\" title=\"canon-eos-7d\" href=\"http:\/\/fixaformen.se\/blogg\/wp-content\/uploads\/2009\/09\/canon-eos-7d.jpg\"><img aria-describedby=\"caption-attachment-306\" decoding=\"async\" loading=\"lazy\" class=\"size-medium wp-image-306\" title=\"canon-eos-7d\" src=\"http:\/\/fixaformen.se\/blogg\/wp-content\/uploads\/2009\/09\/canon-eos-7d-300x278.jpg\" alt=\"Denna nya modell ska b\u00f6rja s\u00e4ljas n\u00e5gon g\u00e5ng i oktober!\" width=\"300\" height=\"278\" srcset=\"https:\/\/fixaformen.se\/blogg\/wp-content\/uploads\/2009\/09\/canon-eos-7d-300x278.jpg 300w, https:\/\/fixaformen.se\/blogg\/wp-content\/uploads\/2009\/09\/canon-eos-7d.jpg 570w\" sizes=\"(max-width: 300px) 100vw, 300px\" \/><\/a><p id=\"caption-attachment-306\" class=\"wp-caption-text\">Denna nya modell ska b\u00f6rja s\u00e4ljas n\u00e5gon g\u00e5ng i oktober!<\/p><\/div>\n<p>Jag \u00e4r s\u00e5 sugen p\u00e5 att k\u00f6pa ny kamera nu. Idag har jag en eos 400d som jag har haft i 3 \u00e5r, visst den \u00e4r helt okej, men det har h\u00e4nt s\u00e5 mycket med utvecklingen under dessa \u00e5r. Vill ha den nu!!! Vet inte vilket datum som den sl\u00e4pps, men i oktober \u00e4r det sagt, har f\u00e5tt en k\u00e4nsla att det \u00e4r m\u00e5nga som redan har bokat den. Men jag vill avvakta tills n\u00e5gon har hunnit testa den ordentligt, man vet aldrig, specifikationerna \u00e4r bra men det \u00e4r inte s\u00e4kert att det \u00e4r s\u00e5 i verkligheten.<\/p>\n","protected":false},"excerpt":{"rendered":"<p>Jag \u00e4r s\u00e5 sugen p\u00e5 att k\u00f6pa ny kamera nu. Idag har jag en eos 400d som jag har haft i 3 \u00e5r, visst den \u00e4r helt okej, men det har h\u00e4nt s\u00e5 mycket med utvecklingen under dessa \u00e5r. Vill ha den nu!!! Vet inte vilket datum som den sl\u00e4pps, men i oktober \u00e4r det &#8230; <span class=\"more\"><a class=\"more-link\" href=\"https:\/\/fixaformen.se\/blogg\/foto\/en-sadan-har-vill-jag-ha\/\">[Read more&#8230;]<\/a><\/span><\/p>\n","protected":false},"author":1,"featured_media":0,"comment_status":"open","ping_status":"open","sticky":false,"template":"","format":"standard","meta":{"_mi_skip_tracking":false,"ngg_post_thumbnail":0},"categories":[8],"tags":[],"jetpack_featured_media_url":"","_links":{"self":[{"href":"https:\/\/fixaformen.se\/blogg\/wp-json\/wp\/v2\/posts\/305"}],"collection":[{"href":"https:\/\/fixaformen.se\/blogg\/wp-json\/wp\/v2\/posts"}],"about":[{"href":"https:\/\/fixaformen.se\/blogg\/wp-json\/wp\/v2\/types\/post"}],"author":[{"embeddable":true,"href":"https:\/\/fixaformen.se\/blogg\/wp-json\/wp\/v2\/users\/1"}],"replies":[{"embeddable":true,"href":"https:\/\/fixaformen.se\/blogg\/wp-json\/wp\/v2\/comments?post=305"}],"version-history":[{"count":1,"href":"https:\/\/fixaformen.se\/blogg\/wp-json\/wp\/v2\/posts\/305\/revisions"}],"predecessor-version":[{"id":307,"href":"https:\/\/fixaformen.se\/blogg\/wp-json\/wp\/v2\/posts\/305\/revisions\/307"}],"wp:attachment":[{"href":"https:\/\/fixaformen.se\/blogg\/wp-json\/wp\/v2\/media?parent=305"}],"wp:term":[{"taxonomy":"category","embeddable":true,"href":"https:\/\/fixaformen.se\/blogg\/wp-json\/wp\/v2\/categories?post=305"},{"taxonomy":"post_tag","embeddable":true,"href":"https:\/\/fixaformen.se\/blogg\/wp-json\/wp\/v2\/tags?post=305"}],"curies":[{"name":"wp","href":"https:\/\/api.w.org\/{rel}","templated":true}]}}