{"id":295,"date":"2009-09-21T13:00:10","date_gmt":"2009-09-21T11:00:10","guid":{"rendered":"http:\/\/fixaformen.se\/blogg\/?p=295"},"modified":"2009-09-21T13:00:10","modified_gmt":"2009-09-21T11:00:10","slug":"reflexskarm-i-fodelsedagspresent","status":"publish","type":"post","link":"https:\/\/fixaformen.se\/blogg\/ovrigt\/reflexskarm-i-fodelsedagspresent\/","title":{"rendered":"Reflexsk\u00e4rm i f\u00f6delsedagspresent!"},"content":{"rendered":"<p>Jag fyllde \u00e5r f\u00f6rra veckan, s\u00e5 pappa, bror Magnus med barn var och h\u00e4lsade p\u00e5 i l\u00f6rdags. Utav pappa och mamma fick jag en reflexsk\u00e4rm som jag ska ha vid valda tillf\u00e4llen n\u00e4r jag fotograferar. Ska visa exempel p\u00e5 vad den g\u00f6r med en bild.<\/p>\n<p style=\"text-align: center;\">\n<div id=\"attachment_296\" style=\"width: 310px\" class=\"wp-caption aligncenter\"><a class=\"lightbox\" title=\"roser_med_reflex\" href=\"http:\/\/fixaformen.se\/blogg\/wp-content\/uploads\/2009\/09\/roser_med_reflex.jpg\"><img aria-describedby=\"caption-attachment-296\" decoding=\"async\" loading=\"lazy\" class=\"size-medium wp-image-296\" title=\"roser_med_reflex\" src=\"http:\/\/fixaformen.se\/blogg\/wp-content\/uploads\/2009\/09\/roser_med_reflex-300x200.jpg\" alt=\"Rosor som jag fick av Anders mamma, h\u00e4r med reflexsk\u00e4rm\" width=\"300\" height=\"200\" srcset=\"https:\/\/fixaformen.se\/blogg\/wp-content\/uploads\/2009\/09\/roser_med_reflex-300x200.jpg 300w, https:\/\/fixaformen.se\/blogg\/wp-content\/uploads\/2009\/09\/roser_med_reflex.jpg 700w\" sizes=\"(max-width: 300px) 100vw, 300px\" \/><\/a><p id=\"caption-attachment-296\" class=\"wp-caption-text\">Rosor som jag fick av Anders mamma, h\u00e4r med reflexsk\u00e4rm<\/p><\/div>\n<p style=\"text-align: center;\">\n<p style=\"text-align: center;\">\n<div id=\"attachment_297\" style=\"width: 310px\" class=\"wp-caption aligncenter\"><a class=\"lightbox\" title=\"roser_utan_reflex\" href=\"http:\/\/fixaformen.se\/blogg\/wp-content\/uploads\/2009\/09\/roser_utan_reflex.jpg\"><img aria-describedby=\"caption-attachment-297\" decoding=\"async\" loading=\"lazy\" class=\"size-medium wp-image-297\" title=\"roser_utan_reflex\" src=\"http:\/\/fixaformen.se\/blogg\/wp-content\/uploads\/2009\/09\/roser_utan_reflex-300x200.jpg\" alt=\"H\u00e4r \u00e4r rosorna utan reflexsk\u00e4rmen\" width=\"300\" height=\"200\" srcset=\"https:\/\/fixaformen.se\/blogg\/wp-content\/uploads\/2009\/09\/roser_utan_reflex-300x200.jpg 300w, https:\/\/fixaformen.se\/blogg\/wp-content\/uploads\/2009\/09\/roser_utan_reflex.jpg 700w\" sizes=\"(max-width: 300px) 100vw, 300px\" \/><\/a><p id=\"caption-attachment-297\" class=\"wp-caption-text\">H\u00e4r \u00e4r rosorna utan reflexsk\u00e4rmen<\/p><\/div>\n<p style=\"text-align: center;\">\n<p style=\"text-align: left;\">Som ni ser s\u00e5 blir det ett fint ljus p\u00e5 rosorna med reflexsk\u00e4rmen, den kommer att bli bra att ha n\u00e4r man tar i motljus. Tack mamma och pappa!<\/p>\n<p style=\"text-align: left;\">\n<p style=\"text-align: left;\">\u00c4ven Anders s\u00e5g till att komplettera till mitt fotointresse fick en Wacom Ritplatta utav honom.<\/p>\n<p style=\"text-align: left;\">\n<p style=\"text-align: center;\">\n<div id=\"attachment_299\" style=\"width: 147px\" class=\"wp-caption aligncenter\"><a class=\"lightbox\" title=\"images\" href=\"http:\/\/fixaformen.se\/blogg\/wp-content\/uploads\/2009\/09\/images.jpg\"><img aria-describedby=\"caption-attachment-299\" decoding=\"async\" loading=\"lazy\" class=\"size-full wp-image-299\" title=\"images\" src=\"http:\/\/fixaformen.se\/blogg\/wp-content\/uploads\/2009\/09\/images.jpg\" alt=\"En Wacom Intuos\" width=\"137\" height=\"137\" \/><\/a><p id=\"caption-attachment-299\" class=\"wp-caption-text\">En Wacom Intuos<\/p><\/div>\n<p style=\"text-align: center;\">\n","protected":false},"excerpt":{"rendered":"<p>Jag fyllde \u00e5r f\u00f6rra veckan, s\u00e5 pappa, bror Magnus med barn var och h\u00e4lsade p\u00e5 i l\u00f6rdags. Utav pappa och mamma fick jag en reflexsk\u00e4rm som jag ska ha vid valda tillf\u00e4llen n\u00e4r jag fotograferar. Ska visa exempel p\u00e5 vad den g\u00f6r med en bild. Som ni ser s\u00e5 blir det ett fint ljus p\u00e5 &#8230; <span class=\"more\"><a class=\"more-link\" href=\"https:\/\/fixaformen.se\/blogg\/ovrigt\/reflexskarm-i-fodelsedagspresent\/\">[Read more&#8230;]<\/a><\/span><\/p>\n","protected":false},"author":1,"featured_media":0,"comment_status":"open","ping_status":"open","sticky":false,"template":"","format":"standard","meta":{"_mi_skip_tracking":false,"ngg_post_thumbnail":0},"categories":[4],"tags":[],"jetpack_featured_media_url":"","_links":{"self":[{"href":"https:\/\/fixaformen.se\/blogg\/wp-json\/wp\/v2\/posts\/295"}],"collection":[{"href":"https:\/\/fixaformen.se\/blogg\/wp-json\/wp\/v2\/posts"}],"about":[{"href":"https:\/\/fixaformen.se\/blogg\/wp-json\/wp\/v2\/types\/post"}],"author":[{"embeddable":true,"href":"https:\/\/fixaformen.se\/blogg\/wp-json\/wp\/v2\/users\/1"}],"replies":[{"embeddable":true,"href":"https:\/\/fixaformen.se\/blogg\/wp-json\/wp\/v2\/comments?post=295"}],"version-history":[{"count":3,"href":"https:\/\/fixaformen.se\/blogg\/wp-json\/wp\/v2\/posts\/295\/revisions"}],"predecessor-version":[{"id":301,"href":"https:\/\/fixaformen.se\/blogg\/wp-json\/wp\/v2\/posts\/295\/revisions\/301"}],"wp:attachment":[{"href":"https:\/\/fixaformen.se\/blogg\/wp-json\/wp\/v2\/media?parent=295"}],"wp:term":[{"taxonomy":"category","embeddable":true,"href":"https:\/\/fixaformen.se\/blogg\/wp-json\/wp\/v2\/categories?post=295"},{"taxonomy":"post_tag","embeddable":true,"href":"https:\/\/fixaformen.se\/blogg\/wp-json\/wp\/v2\/tags?post=295"}],"curies":[{"name":"wp","href":"https:\/\/api.w.org\/{rel}","templated":true}]}}