{"id":288,"date":"2009-09-01T21:33:07","date_gmt":"2009-09-01T19:33:07","guid":{"rendered":"http:\/\/fixaformen.se\/blogg\/?p=288"},"modified":"2009-09-01T21:33:43","modified_gmt":"2009-09-01T19:33:43","slug":"ett-litet-steg-at-ratt-hall","status":"publish","type":"post","link":"https:\/\/fixaformen.se\/blogg\/renovering\/ett-litet-steg-at-ratt-hall\/","title":{"rendered":"Ett litet steg \u00e5t r\u00e4tt h\u00e5ll"},"content":{"rendered":"<p>Anders b\u00f6rjade sitt jobb igen efter 10 veckors semester ig\u00e5r, han la p\u00e5 ett extra krut p\u00e5 renoveringen f\u00f6rra veckan. Det \u00e4r mycket som ska g\u00f6ras s\u00e5 p\u00e5 det stora hela k\u00e4nns det som om vi st\u00e5r stilla. Det vi har jobbat p\u00e5 \u00e4r framsidans tak-kupa och verandan.<\/p>\n<p style=\"text-align: center;\">\n<div id=\"attachment_289\" style=\"width: 310px\" class=\"wp-caption aligncenter\"><a class=\"lightbox\" title=\"malningkupa\" href=\"http:\/\/fixaformen.se\/blogg\/wp-content\/uploads\/2009\/09\/malningkupa.jpg\"><img aria-describedby=\"caption-attachment-289\" decoding=\"async\" loading=\"lazy\" class=\"size-medium wp-image-289\" title=\"malningkupa\" src=\"http:\/\/fixaformen.se\/blogg\/wp-content\/uploads\/2009\/09\/malningkupa-300x199.jpg\" alt=\"H\u00e4r m\u00e5lar jag den vita f\u00e4rgen f\u00f6r f\u00f6rsta g\u00e5ngen\" width=\"300\" height=\"199\" srcset=\"https:\/\/fixaformen.se\/blogg\/wp-content\/uploads\/2009\/09\/malningkupa-300x199.jpg 300w, https:\/\/fixaformen.se\/blogg\/wp-content\/uploads\/2009\/09\/malningkupa.jpg 800w\" sizes=\"(max-width: 300px) 100vw, 300px\" \/><\/a><p id=\"caption-attachment-289\" class=\"wp-caption-text\">H\u00e4r m\u00e5lar jag den vita f\u00e4rgen f\u00f6r f\u00f6rsta g\u00e5ngen<\/p><\/div>\n<p style=\"text-align: center;\">\n<p style=\"text-align: left;\">\n<div id=\"attachment_290\" style=\"width: 310px\" class=\"wp-caption aligncenter\"><a class=\"lightbox\" title=\"takkupa\" href=\"http:\/\/fixaformen.se\/blogg\/wp-content\/uploads\/2009\/09\/takkupa.jpg\"><img aria-describedby=\"caption-attachment-290\" decoding=\"async\" loading=\"lazy\" class=\"size-medium wp-image-290\" title=\"takkupa\" src=\"http:\/\/fixaformen.se\/blogg\/wp-content\/uploads\/2009\/09\/takkupa-300x199.jpg\" alt=\"S\u00e5 h\u00e4r blev det efter andra m\u00e5lningen!\" width=\"300\" height=\"199\" srcset=\"https:\/\/fixaformen.se\/blogg\/wp-content\/uploads\/2009\/09\/takkupa-300x199.jpg 300w, https:\/\/fixaformen.se\/blogg\/wp-content\/uploads\/2009\/09\/takkupa.jpg 800w\" sizes=\"(max-width: 300px) 100vw, 300px\" \/><\/a><p id=\"caption-attachment-290\" class=\"wp-caption-text\">S\u00e5 h\u00e4r blev det efter andra m\u00e5lningen!<\/p><\/div>\n<p style=\"text-align: left;\">Jag \u00e4r v\u00e4ldigt n\u00f6jd med den helvita l\u00f6sningen s\u00e5 h\u00e4r l\u00e5ngt. Kanske n\u00e5gon tycker att det \u00e4r v\u00e4ldigt vitt men jag tycker det \u00e4r fr\u00e4scht!<\/p>\n<p style=\"text-align: left;\">\n<p style=\"text-align: center;\">\n<div id=\"attachment_291\" style=\"width: 310px\" class=\"wp-caption aligncenter\"><a class=\"lightbox\" title=\"morotter\" href=\"http:\/\/fixaformen.se\/blogg\/wp-content\/uploads\/2009\/09\/morotter.jpg\"><img aria-describedby=\"caption-attachment-291\" decoding=\"async\" loading=\"lazy\" class=\"size-medium wp-image-291\" title=\"morotter\" src=\"http:\/\/fixaformen.se\/blogg\/wp-content\/uploads\/2009\/09\/morotter-300x199.jpg\" alt=\"Mor\u00f6tter fr\u00e5n v\u00e5rt gr\u00f6nsaksland!\" width=\"300\" height=\"199\" srcset=\"https:\/\/fixaformen.se\/blogg\/wp-content\/uploads\/2009\/09\/morotter-300x199.jpg 300w, https:\/\/fixaformen.se\/blogg\/wp-content\/uploads\/2009\/09\/morotter.jpg 800w\" sizes=\"(max-width: 300px) 100vw, 300px\" \/><\/a><p id=\"caption-attachment-291\" class=\"wp-caption-text\">Mor\u00f6tter fr\u00e5n v\u00e5rt gr\u00f6nsaksland!<\/p><\/div>\n","protected":false},"excerpt":{"rendered":"<p>Anders b\u00f6rjade sitt jobb igen efter 10 veckors semester ig\u00e5r, han la p\u00e5 ett extra krut p\u00e5 renoveringen f\u00f6rra veckan. Det \u00e4r mycket som ska g\u00f6ras s\u00e5 p\u00e5 det stora hela k\u00e4nns det som om vi st\u00e5r stilla. Det vi har jobbat p\u00e5 \u00e4r framsidans tak-kupa och verandan. Jag \u00e4r v\u00e4ldigt n\u00f6jd med den helvita &#8230; <span class=\"more\"><a class=\"more-link\" href=\"https:\/\/fixaformen.se\/blogg\/renovering\/ett-litet-steg-at-ratt-hall\/\">[Read more&#8230;]<\/a><\/span><\/p>\n","protected":false},"author":1,"featured_media":0,"comment_status":"open","ping_status":"open","sticky":false,"template":"","format":"standard","meta":{"_mi_skip_tracking":false,"ngg_post_thumbnail":0},"categories":[7],"tags":[],"jetpack_featured_media_url":"","_links":{"self":[{"href":"https:\/\/fixaformen.se\/blogg\/wp-json\/wp\/v2\/posts\/288"}],"collection":[{"href":"https:\/\/fixaformen.se\/blogg\/wp-json\/wp\/v2\/posts"}],"about":[{"href":"https:\/\/fixaformen.se\/blogg\/wp-json\/wp\/v2\/types\/post"}],"author":[{"embeddable":true,"href":"https:\/\/fixaformen.se\/blogg\/wp-json\/wp\/v2\/users\/1"}],"replies":[{"embeddable":true,"href":"https:\/\/fixaformen.se\/blogg\/wp-json\/wp\/v2\/comments?post=288"}],"version-history":[{"count":3,"href":"https:\/\/fixaformen.se\/blogg\/wp-json\/wp\/v2\/posts\/288\/revisions"}],"predecessor-version":[{"id":294,"href":"https:\/\/fixaformen.se\/blogg\/wp-json\/wp\/v2\/posts\/288\/revisions\/294"}],"wp:attachment":[{"href":"https:\/\/fixaformen.se\/blogg\/wp-json\/wp\/v2\/media?parent=288"}],"wp:term":[{"taxonomy":"category","embeddable":true,"href":"https:\/\/fixaformen.se\/blogg\/wp-json\/wp\/v2\/categories?post=288"},{"taxonomy":"post_tag","embeddable":true,"href":"https:\/\/fixaformen.se\/blogg\/wp-json\/wp\/v2\/tags?post=288"}],"curies":[{"name":"wp","href":"https:\/\/api.w.org\/{rel}","templated":true}]}}