{"id":2651,"date":"2017-09-09T18:41:43","date_gmt":"2017-09-09T18:41:43","guid":{"rendered":"http:\/\/fixaformen.se\/blogg\/ovrigt\/ikvall-blev-det-intervaller-armar-och-vader-lattare-att-trana-pa-kvallarna-pa-helgen-for-da-ska-jag-inte-upp-sa-tidigt-till-jobbet-dagen-efter\/"},"modified":"2017-09-09T19:44:33","modified_gmt":"2017-09-09T18:44:33","slug":"ikvall-blev-det-intervaller-armar-och-vader-lattare-att-trana-pa-kvallarna-pa-helgen-for-da-ska-jag-inte-upp-sa-tidigt-till-jobbet-dagen-efter","status":"publish","type":"post","link":"https:\/\/fixaformen.se\/blogg\/instagram\/ikvall-blev-det-intervaller-armar-och-vader-lattare-att-trana-pa-kvallarna-pa-helgen-for-da-ska-jag-inte-upp-sa-tidigt-till-jobbet-dagen-efter\/","title":{"rendered":"Ikv\u00e4ll blev det intervaller, armar och vader. L\u00e4ttare att tr\u00e4na p\u00e5 kv\u00e4llarna p\u00e5 helgen f\u00f6r d\u00e5 ska jag inte upp s\u00e5 tidigt till jobbet dagen efter."},"content":{"rendered":"<p><a href=\"https:\/\/www.instagram.com\/p\/BY1Kj0ihwA_\/\" target=\"_blank\"><img decoding=\"async\" loading=\"lazy\" width=\"1080\" height=\"1080\" src=\"http:\/\/fixaformen.se\/blogg\/wp-content\/uploads\/2017\/09\/1504982503.jpg\" class=\"insta-image\" alt=\"Ikv\u00e4ll blev det intervaller, armar och vader. L\u00e4ttare att tr\u00e4na p\u00e5 kv\u00e4llarna p\u00e5 helgen f\u00f6r d\u00e5 ska jag inte upp s\u00e5 tidigt till jobbet dagen efter.\" \/><\/a><\/p>\n<p><a href=\"https:\/\/www.instagram.com\/p\/BY1Kj0ihwA_\/\" target=\"_blank\">**insta-embeded-video**<\/a><\/p>\n<p>Bild text: Ikv\u00e4ll blev det intervaller, armar och vader. L\u00e4ttare att tr\u00e4na p\u00e5 kv\u00e4llarna p\u00e5 helgen f\u00f6r d\u00e5 ska jag inte upp s\u00e5 tidigt till jobbet dagen efter.<\/p>\n<p><a href=\"https:\/\/www.instagram.com\/p\/BY1Kj0ihwA_\/\" target=\"_blank\">\u00d6ppna i Instagram &rArr;<\/a><\/p>\n","protected":false},"excerpt":{"rendered":"<p>Ikv\u00e4ll blev det intervaller, armar och vader. L\u00e4ttare att tr\u00e4na p\u00e5 kv\u00e4llarna p\u00e5 helgen f\u00f6r d\u00e5 ska jag inte upp s\u00e5 tidigt till jobbet dagen efter.<\/p>\n","protected":false},"author":1,"featured_media":0,"comment_status":"open","ping_status":"open","sticky":false,"template":"","format":"standard","meta":{"_mi_skip_tracking":false,"ngg_post_thumbnail":0},"categories":[28],"tags":[],"jetpack_featured_media_url":"","_links":{"self":[{"href":"https:\/\/fixaformen.se\/blogg\/wp-json\/wp\/v2\/posts\/2651"}],"collection":[{"href":"https:\/\/fixaformen.se\/blogg\/wp-json\/wp\/v2\/posts"}],"about":[{"href":"https:\/\/fixaformen.se\/blogg\/wp-json\/wp\/v2\/types\/post"}],"author":[{"embeddable":true,"href":"https:\/\/fixaformen.se\/blogg\/wp-json\/wp\/v2\/users\/1"}],"replies":[{"embeddable":true,"href":"https:\/\/fixaformen.se\/blogg\/wp-json\/wp\/v2\/comments?post=2651"}],"version-history":[{"count":1,"href":"https:\/\/fixaformen.se\/blogg\/wp-json\/wp\/v2\/posts\/2651\/revisions"}],"predecessor-version":[{"id":2653,"href":"https:\/\/fixaformen.se\/blogg\/wp-json\/wp\/v2\/posts\/2651\/revisions\/2653"}],"wp:attachment":[{"href":"https:\/\/fixaformen.se\/blogg\/wp-json\/wp\/v2\/media?parent=2651"}],"wp:term":[{"taxonomy":"category","embeddable":true,"href":"https:\/\/fixaformen.se\/blogg\/wp-json\/wp\/v2\/categories?post=2651"},{"taxonomy":"post_tag","embeddable":true,"href":"https:\/\/fixaformen.se\/blogg\/wp-json\/wp\/v2\/tags?post=2651"}],"curies":[{"name":"wp","href":"https:\/\/api.w.org\/{rel}","templated":true}]}}