{"id":2446,"date":"2017-01-18T17:24:00","date_gmt":"2017-01-18T17:24:00","guid":{"rendered":"http:\/\/fixaformen.se\/blogg\/ovrigt\/tredje-dagen-har-i-branas-och-akt-lite-brada-det-gick-battre-an-vantat-med-tanken-pa-att-det-var-10-ar-sen-sist-annars-ar-det-valdigt-bra-har-perfekt-vecka-att-vara-har-lugnare-helt-enkelt\/"},"modified":"2017-01-18T18:37:09","modified_gmt":"2017-01-18T17:37:09","slug":"tredje-dagen-har-i-branas-och-akt-lite-brada-det-gick-battre-an-vantat-med-tanken-pa-att-det-var-10-ar-sen-sist-annars-ar-det-valdigt-bra-har-perfekt-vecka-att-vara-har-lugnare-helt-enkelt","status":"publish","type":"post","link":"https:\/\/fixaformen.se\/blogg\/instagram\/tredje-dagen-har-i-branas-och-akt-lite-brada-det-gick-battre-an-vantat-med-tanken-pa-att-det-var-10-ar-sen-sist-annars-ar-det-valdigt-bra-har-perfekt-vecka-att-vara-har-lugnare-helt-enkelt\/","title":{"rendered":"Tredje dagen h\u00e4r i Bran\u00e4s och \u00e5kt lite br\u00e4da. Det gick b\u00e4ttre \u00e4n v\u00e4ntat med tanken p\u00e5 att det var 10 \u00e5r sen sist.  Annars \u00e4r det v\u00e4ldigt bra h\u00e4r perfekt vecka att vara h\u00e4r, lugnare helt enkelt."},"content":{"rendered":"<p><a href=\"https:\/\/www.instagram.com\/p\/BPafpxdjyIu\/\" target=\"_blank\"><img decoding=\"async\" loading=\"lazy\" width=\"1080\" height=\"1080\" src=\"http:\/\/fixaformen.se\/blogg\/wp-content\/uploads\/2017\/01\/1484760240.jpg\" class=\"insta-image\" alt=\"Tredje dagen h\u00e4r i Bran\u00e4s och \u00e5kt lite br\u00e4da. Det gick b\u00e4ttre \u00e4n v\u00e4ntat med tanken p\u00e5 att det var 10 \u00e5r sen sist.  Annars \u00e4r det v\u00e4ldigt bra h\u00e4r perfekt vecka att vara h\u00e4r, lugnare helt enkelt.\" \/><\/a><\/p>\n<p><a href=\"https:\/\/www.instagram.com\/p\/BPafpxdjyIu\/\" target=\"_blank\">**insta-embeded-video**<\/a><\/p>\n<p>Bild tagen: Bran\u00e4sberget<\/p>\n<p>Bild text: Tredje dagen h\u00e4r i Bran\u00e4s och \u00e5kt lite br\u00e4da. Det gick b\u00e4ttre \u00e4n v\u00e4ntat med tanken p\u00e5 att det var 10 \u00e5r sen sist.  Annars \u00e4r det v\u00e4ldigt bra h\u00e4r perfekt vecka att vara h\u00e4r, lugnare helt enkelt.<\/p>\n<p><a href=\"https:\/\/www.instagram.com\/p\/BPafpxdjyIu\/\" target=\"_blank\">\u00d6ppna i Instagram &rArr;<\/a><\/p>\n","protected":false},"excerpt":{"rendered":"<p>Tredje dagen h\u00e4r i Bran\u00e4s och \u00e5kt lite br\u00e4da. Det gick b\u00e4ttre \u00e4n v\u00e4ntat med tanken p\u00e5 att det var 10 \u00e5r sen sist.  Annars \u00e4r det v\u00e4ldigt bra h\u00e4r perfekt vecka att vara h\u00e4r, lugnare helt enkelt.<\/p>\n","protected":false},"author":1,"featured_media":0,"comment_status":"open","ping_status":"open","sticky":false,"template":"","format":"standard","meta":{"_mi_skip_tracking":false,"ngg_post_thumbnail":0},"categories":[28],"tags":[],"jetpack_featured_media_url":"","_links":{"self":[{"href":"https:\/\/fixaformen.se\/blogg\/wp-json\/wp\/v2\/posts\/2446"}],"collection":[{"href":"https:\/\/fixaformen.se\/blogg\/wp-json\/wp\/v2\/posts"}],"about":[{"href":"https:\/\/fixaformen.se\/blogg\/wp-json\/wp\/v2\/types\/post"}],"author":[{"embeddable":true,"href":"https:\/\/fixaformen.se\/blogg\/wp-json\/wp\/v2\/users\/1"}],"replies":[{"embeddable":true,"href":"https:\/\/fixaformen.se\/blogg\/wp-json\/wp\/v2\/comments?post=2446"}],"version-history":[{"count":1,"href":"https:\/\/fixaformen.se\/blogg\/wp-json\/wp\/v2\/posts\/2446\/revisions"}],"predecessor-version":[{"id":2448,"href":"https:\/\/fixaformen.se\/blogg\/wp-json\/wp\/v2\/posts\/2446\/revisions\/2448"}],"wp:attachment":[{"href":"https:\/\/fixaformen.se\/blogg\/wp-json\/wp\/v2\/media?parent=2446"}],"wp:term":[{"taxonomy":"category","embeddable":true,"href":"https:\/\/fixaformen.se\/blogg\/wp-json\/wp\/v2\/categories?post=2446"},{"taxonomy":"post_tag","embeddable":true,"href":"https:\/\/fixaformen.se\/blogg\/wp-json\/wp\/v2\/tags?post=2446"}],"curies":[{"name":"wp","href":"https:\/\/api.w.org\/{rel}","templated":true}]}}