{"id":1708,"date":"2013-10-26T19:32:15","date_gmt":"2013-10-26T18:32:15","guid":{"rendered":"http:\/\/fixaformen.se\/blogg\/?p=1708"},"modified":"2013-10-26T19:37:54","modified_gmt":"2013-10-26T18:37:54","slug":"anders-har-kopt-en-lten-kompakttraktor","status":"publish","type":"post","link":"https:\/\/fixaformen.se\/blogg\/ovrigt\/anders-har-kopt-en-lten-kompakttraktor\/","title":{"rendered":"Anders har k\u00f6pt en liten kompakttraktor"},"content":{"rendered":"<p>F\u00f6r n\u00e5gon vecka sedan k\u00f6pte Anders en kompakttraktor p\u00e5 auktion. Den \u00e4r t\u00e4nkt att ers\u00e4tta v\u00e5r \u00e5kergr\u00e4sklippare d\u00e5 det kom med ett klippaggregat. det kom med massa trevliga tillbeh\u00f6r som t. ex. sandspridare, plogblad, lastare och sop. F\u00f6rhoppningsvis kommer den att fungera bra, Anders h\u00e5ller p\u00e5 att ragga lite olika delar till den.<\/p>\n<p>Ivar gillar den! Det \u00e4r mycket traktorer och gr\u00e4vmaskiner i hans lilla skalle nu.<\/p>\n<div id=\"attachment_1709\" style=\"width: 543px\" class=\"wp-caption aligncenter\"><a href=\"http:\/\/fixaformen.se\/blogg\/wp-content\/uploads\/2013\/10\/IMG_5262.jpg\"><img aria-describedby=\"caption-attachment-1709\" decoding=\"async\" loading=\"lazy\" class=\"size-large wp-image-1709\" alt=\"kompakttraktor bl\u00e5\" src=\"http:\/\/fixaformen.se\/blogg\/wp-content\/uploads\/2013\/10\/IMG_5262-533x800.jpg\" width=\"533\" height=\"800\" srcset=\"https:\/\/fixaformen.se\/blogg\/wp-content\/uploads\/2013\/10\/IMG_5262-533x800.jpg 533w, https:\/\/fixaformen.se\/blogg\/wp-content\/uploads\/2013\/10\/IMG_5262-266x400.jpg 266w, https:\/\/fixaformen.se\/blogg\/wp-content\/uploads\/2013\/10\/IMG_5262-624x936.jpg 624w, https:\/\/fixaformen.se\/blogg\/wp-content\/uploads\/2013\/10\/IMG_5262.jpg 983w\" sizes=\"(max-width: 533px) 100vw, 533px\" \/><\/a><p id=\"caption-attachment-1709\" class=\"wp-caption-text\">Den nya familjemedlemmen!<\/p><\/div>\n","protected":false},"excerpt":{"rendered":"<p>F\u00f6r n\u00e5gon vecka sedan k\u00f6pte Anders en kompakttraktor p\u00e5 auktion. Den \u00e4r t\u00e4nkt att ers\u00e4tta v\u00e5r \u00e5kergr\u00e4sklippare d\u00e5 det kom med ett klippaggregat. det kom med massa trevliga tillbeh\u00f6r som t. ex. sandspridare, plogblad, lastare och sop. F\u00f6rhoppningsvis kommer den att fungera bra, Anders h\u00e5ller p\u00e5 att ragga lite olika delar till den. Ivar gillar &#8230; <span class=\"more\"><a class=\"more-link\" href=\"https:\/\/fixaformen.se\/blogg\/ovrigt\/anders-har-kopt-en-lten-kompakttraktor\/\">[Read more&#8230;]<\/a><\/span><\/p>\n","protected":false},"author":1,"featured_media":0,"comment_status":"open","ping_status":"open","sticky":false,"template":"","format":"standard","meta":{"_mi_skip_tracking":false,"ngg_post_thumbnail":0},"categories":[4],"tags":[],"jetpack_featured_media_url":"","_links":{"self":[{"href":"https:\/\/fixaformen.se\/blogg\/wp-json\/wp\/v2\/posts\/1708"}],"collection":[{"href":"https:\/\/fixaformen.se\/blogg\/wp-json\/wp\/v2\/posts"}],"about":[{"href":"https:\/\/fixaformen.se\/blogg\/wp-json\/wp\/v2\/types\/post"}],"author":[{"embeddable":true,"href":"https:\/\/fixaformen.se\/blogg\/wp-json\/wp\/v2\/users\/1"}],"replies":[{"embeddable":true,"href":"https:\/\/fixaformen.se\/blogg\/wp-json\/wp\/v2\/comments?post=1708"}],"version-history":[{"count":2,"href":"https:\/\/fixaformen.se\/blogg\/wp-json\/wp\/v2\/posts\/1708\/revisions"}],"predecessor-version":[{"id":1713,"href":"https:\/\/fixaformen.se\/blogg\/wp-json\/wp\/v2\/posts\/1708\/revisions\/1713"}],"wp:attachment":[{"href":"https:\/\/fixaformen.se\/blogg\/wp-json\/wp\/v2\/media?parent=1708"}],"wp:term":[{"taxonomy":"category","embeddable":true,"href":"https:\/\/fixaformen.se\/blogg\/wp-json\/wp\/v2\/categories?post=1708"},{"taxonomy":"post_tag","embeddable":true,"href":"https:\/\/fixaformen.se\/blogg\/wp-json\/wp\/v2\/tags?post=1708"}],"curies":[{"name":"wp","href":"https:\/\/api.w.org\/{rel}","templated":true}]}}