{"id":1664,"date":"2013-08-20T09:00:02","date_gmt":"2013-08-20T08:00:02","guid":{"rendered":"http:\/\/fixaformen.se\/blogg\/?p=1664"},"modified":"2013-08-20T09:01:20","modified_gmt":"2013-08-20T08:01:20","slug":"operakvall-hos-lofwing","status":"publish","type":"post","link":"https:\/\/fixaformen.se\/blogg\/familj\/operakvall-hos-lofwing\/","title":{"rendered":"Operakv\u00e4ll hos L\u00f6fwing"},"content":{"rendered":"<p>I l\u00f6rdags var vi iv\u00e4g p\u00e5 en liten familjeaktivitet, G\u00f6ran L\u00f6fwing hade anordnat s\u00e5 att G\u00f6teborgs Operan k\u00f6rde sin sommarf\u00f6rest\u00e4llning p\u00e5 hans \u00e5ker. Allt b\u00f6rjade p\u00e5 eftermiddagen och det var tv-kocken Paul Svensson som h\u00f6ll i ett f\u00f6redrag. Han var v\u00e4ldigt inspirerande att lyssna p\u00e5. Han vill att man ska utg\u00e5 fr\u00e5n gr\u00f6nsakerna ist\u00e4llet f\u00f6r k\u00f6ttet n\u00e4r man ska komma p\u00e5 vad man ska \u00e4ta f\u00f6r mat till middag. Sedan \u00e4r det viktigt att b\u00f6rja v\u00e4lja livsmedel som \u00e4r lokalt odlat och kanske inte ris som kommer \u00e4nda fr\u00e5n Asien. Jag fick helt klart en tankest\u00e4llare, g\u00e4ller bara att \u00e4ta upp allt som finns i skafferiet f\u00f6rst innan jag kan fylla p\u00e5 med mer lokalodlat.<\/p>\n<div id=\"attachment_1666\" style=\"width: 635px\" class=\"wp-caption aligncenter\"><a href=\"http:\/\/fixaformen.se\/blogg\/wp-content\/uploads\/2013\/08\/IMG_4907.jpg\"><img aria-describedby=\"caption-attachment-1666\" decoding=\"async\" loading=\"lazy\" class=\"size-large wp-image-1666\" alt=\"Paul Svensson tv-kock\" src=\"http:\/\/fixaformen.se\/blogg\/wp-content\/uploads\/2013\/08\/IMG_4907-800x649.jpg\" width=\"625\" height=\"507\" srcset=\"https:\/\/fixaformen.se\/blogg\/wp-content\/uploads\/2013\/08\/IMG_4907-800x649.jpg 800w, https:\/\/fixaformen.se\/blogg\/wp-content\/uploads\/2013\/08\/IMG_4907-400x324.jpg 400w, https:\/\/fixaformen.se\/blogg\/wp-content\/uploads\/2013\/08\/IMG_4907-624x506.jpg 624w, https:\/\/fixaformen.se\/blogg\/wp-content\/uploads\/2013\/08\/IMG_4907.jpg 2000w\" sizes=\"(max-width: 625px) 100vw, 625px\" \/><\/a><p id=\"caption-attachment-1666\" class=\"wp-caption-text\">Paul Svensson inspirerande kock!<\/p><\/div>\n<p>Sedan av en h\u00e4ndelse tyckte vi att vi k\u00e4nde igen en person, men vi tvekade lite. Sedan h\u00f6rde vi honom presentera sig som Anders och d\u00e5 visste vi att det var finansministern Anders Borg som var p\u00e5 bes\u00f6k. Tydligen \u00e4r det s\u00e5 att L\u00f6fwing och Borg \u00e4r jaktpolare.<\/p>\n<div id=\"attachment_1667\" style=\"width: 635px\" class=\"wp-caption aligncenter\"><a href=\"http:\/\/fixaformen.se\/blogg\/wp-content\/uploads\/2013\/08\/IMG_4910.jpg\"><img aria-describedby=\"caption-attachment-1667\" decoding=\"async\" loading=\"lazy\" class=\"size-large wp-image-1667\" alt=\"Finansministern Anders Borg\" src=\"http:\/\/fixaformen.se\/blogg\/wp-content\/uploads\/2013\/08\/IMG_4910-800x612.jpg\" width=\"625\" height=\"478\" srcset=\"https:\/\/fixaformen.se\/blogg\/wp-content\/uploads\/2013\/08\/IMG_4910-800x612.jpg 800w, https:\/\/fixaformen.se\/blogg\/wp-content\/uploads\/2013\/08\/IMG_4910-400x306.jpg 400w, https:\/\/fixaformen.se\/blogg\/wp-content\/uploads\/2013\/08\/IMG_4910-624x477.jpg 624w, https:\/\/fixaformen.se\/blogg\/wp-content\/uploads\/2013\/08\/IMG_4910.jpg 2000w\" sizes=\"(max-width: 625px) 100vw, 625px\" \/><\/a><p id=\"caption-attachment-1667\" class=\"wp-caption-text\">Finansministern Anders Borg p\u00e5 bes\u00f6k<\/p><\/div>\n<p>F\u00f6rsta f\u00f6rest\u00e4llningen var det G\u00f6teborg Baroque som upptr\u00e4dde. De spelade bland annat lite Vivaldi och H\u00e4ndel. Mycket trevligt var det och det var bra v\u00e4der hela eftermiddagen och kv\u00e4llen. Vi \u00e5t en n\u00e4rodlad sommarsallad som var komponerad av Paul Svensson. Mycket god var den givetvis!<\/p>\n<div id=\"attachment_1669\" style=\"width: 635px\" class=\"wp-caption aligncenter\"><a href=\"http:\/\/fixaformen.se\/blogg\/wp-content\/uploads\/2013\/08\/IMG_4913.jpg\"><img aria-describedby=\"caption-attachment-1669\" decoding=\"async\" loading=\"lazy\" class=\"size-large wp-image-1669\" alt=\"G\u00f6teborg Baroque\" src=\"http:\/\/fixaformen.se\/blogg\/wp-content\/uploads\/2013\/08\/IMG_4913-800x533.jpg\" width=\"625\" height=\"416\" srcset=\"https:\/\/fixaformen.se\/blogg\/wp-content\/uploads\/2013\/08\/IMG_4913-800x533.jpg 800w, https:\/\/fixaformen.se\/blogg\/wp-content\/uploads\/2013\/08\/IMG_4913-400x266.jpg 400w, https:\/\/fixaformen.se\/blogg\/wp-content\/uploads\/2013\/08\/IMG_4913-624x415.jpg 624w, https:\/\/fixaformen.se\/blogg\/wp-content\/uploads\/2013\/08\/IMG_4913.jpg 2000w\" sizes=\"(max-width: 625px) 100vw, 625px\" \/><\/a><p id=\"caption-attachment-1669\" class=\"wp-caption-text\">G\u00f6teborg Baroque<\/p><\/div>\n<p>Sedan var det dags f\u00f6r G\u00f6teborgs Opera att upptr\u00e4da med lite olika s\u00e5nger fr\u00e5n de olika f\u00f6rest\u00e4llningarna som de har under h\u00f6sten. Det var ocks\u00e5 bra det som jag och Anders hann se, Ivar hade k\u00e4mpat l\u00e4nge men orken tog slut runt halv \u00e5tta. D\u00e5 tog vi cyklarna och cyklade hem, Ivar somnade direkt i cykelstolen.<\/p>\n<div id=\"attachment_1670\" style=\"width: 635px\" class=\"wp-caption aligncenter\"><a href=\"http:\/\/fixaformen.se\/blogg\/wp-content\/uploads\/2013\/08\/IMG_4916.jpg\"><img aria-describedby=\"caption-attachment-1670\" decoding=\"async\" loading=\"lazy\" class=\"size-large wp-image-1670\" alt=\"Mysiga hundar som satt bredvid oss.\" src=\"http:\/\/fixaformen.se\/blogg\/wp-content\/uploads\/2013\/08\/IMG_4916-800x510.jpg\" width=\"625\" height=\"398\" srcset=\"https:\/\/fixaformen.se\/blogg\/wp-content\/uploads\/2013\/08\/IMG_4916-800x510.jpg 800w, https:\/\/fixaformen.se\/blogg\/wp-content\/uploads\/2013\/08\/IMG_4916-400x255.jpg 400w, https:\/\/fixaformen.se\/blogg\/wp-content\/uploads\/2013\/08\/IMG_4916-624x398.jpg 624w, https:\/\/fixaformen.se\/blogg\/wp-content\/uploads\/2013\/08\/IMG_4916.jpg 2000w\" sizes=\"(max-width: 625px) 100vw, 625px\" \/><\/a><p id=\"caption-attachment-1670\" class=\"wp-caption-text\">Mysiga hundar som satt bredvid oss.<\/p><\/div>\n<div id=\"attachment_1671\" style=\"width: 635px\" class=\"wp-caption aligncenter\"><a href=\"http:\/\/fixaformen.se\/blogg\/wp-content\/uploads\/2013\/08\/IMG_4918.jpg\"><img aria-describedby=\"caption-attachment-1671\" decoding=\"async\" loading=\"lazy\" class=\"size-large wp-image-1671\" alt=\"Ivars farmor och farfar var ocks\u00e5 med.\" src=\"http:\/\/fixaformen.se\/blogg\/wp-content\/uploads\/2013\/08\/IMG_4918-800x533.jpg\" width=\"625\" height=\"416\" srcset=\"https:\/\/fixaformen.se\/blogg\/wp-content\/uploads\/2013\/08\/IMG_4918-800x533.jpg 800w, https:\/\/fixaformen.se\/blogg\/wp-content\/uploads\/2013\/08\/IMG_4918-400x266.jpg 400w, https:\/\/fixaformen.se\/blogg\/wp-content\/uploads\/2013\/08\/IMG_4918-624x415.jpg 624w, https:\/\/fixaformen.se\/blogg\/wp-content\/uploads\/2013\/08\/IMG_4918.jpg 2000w\" sizes=\"(max-width: 625px) 100vw, 625px\" \/><\/a><p id=\"caption-attachment-1671\" class=\"wp-caption-text\">Ivars farmor och farfar var ocks\u00e5 med.<\/p><\/div>\n<div id=\"attachment_1672\" style=\"width: 635px\" class=\"wp-caption aligncenter\"><a href=\"http:\/\/fixaformen.se\/blogg\/wp-content\/uploads\/2013\/08\/IMG_4924.jpg\"><img aria-describedby=\"caption-attachment-1672\" decoding=\"async\" loading=\"lazy\" class=\"size-large wp-image-1672\" alt=\"Far och son myser\" src=\"http:\/\/fixaformen.se\/blogg\/wp-content\/uploads\/2013\/08\/IMG_4924-800x533.jpg\" width=\"625\" height=\"416\" srcset=\"https:\/\/fixaformen.se\/blogg\/wp-content\/uploads\/2013\/08\/IMG_4924-800x533.jpg 800w, https:\/\/fixaformen.se\/blogg\/wp-content\/uploads\/2013\/08\/IMG_4924-400x266.jpg 400w, https:\/\/fixaformen.se\/blogg\/wp-content\/uploads\/2013\/08\/IMG_4924-624x415.jpg 624w, https:\/\/fixaformen.se\/blogg\/wp-content\/uploads\/2013\/08\/IMG_4924.jpg 2000w\" sizes=\"(max-width: 625px) 100vw, 625px\" \/><\/a><p id=\"caption-attachment-1672\" class=\"wp-caption-text\">Far och son myser<\/p><\/div>\n<div id=\"attachment_1673\" style=\"width: 635px\" class=\"wp-caption aligncenter\"><a href=\"http:\/\/fixaformen.se\/blogg\/wp-content\/uploads\/2013\/08\/IMG_4934.jpg\"><img aria-describedby=\"caption-attachment-1673\" decoding=\"async\" loading=\"lazy\" class=\"size-large wp-image-1673\" alt=\"G\u00f6teborgs Opern p\u00e5 plats!\" src=\"http:\/\/fixaformen.se\/blogg\/wp-content\/uploads\/2013\/08\/IMG_4934-800x533.jpg\" width=\"625\" height=\"416\" srcset=\"https:\/\/fixaformen.se\/blogg\/wp-content\/uploads\/2013\/08\/IMG_4934-800x533.jpg 800w, https:\/\/fixaformen.se\/blogg\/wp-content\/uploads\/2013\/08\/IMG_4934-400x266.jpg 400w, https:\/\/fixaformen.se\/blogg\/wp-content\/uploads\/2013\/08\/IMG_4934-624x415.jpg 624w, https:\/\/fixaformen.se\/blogg\/wp-content\/uploads\/2013\/08\/IMG_4934.jpg 2000w\" sizes=\"(max-width: 625px) 100vw, 625px\" \/><\/a><p id=\"caption-attachment-1673\" class=\"wp-caption-text\">G\u00f6teborgs Operan p\u00e5 plats!<\/p><\/div>\n<p>Det var en v\u00e4ldigt trevlig kv\u00e4ll och eftermiddag, det \u00e4r v\u00e4ldigt uppskattat att det \u00e4r inom cykelavst\u00e5nd. Det h\u00e4nder ju inte s\u00e5 ofta att b\u00e5de jag och Anders kan ta varsin \u00f6l, s\u00e5 det gillar vi.<\/p>\n","protected":false},"excerpt":{"rendered":"<p>I l\u00f6rdags var vi iv\u00e4g p\u00e5 en liten familjeaktivitet, G\u00f6ran L\u00f6fwing hade anordnat s\u00e5 att G\u00f6teborgs Operan k\u00f6rde sin sommarf\u00f6rest\u00e4llning p\u00e5 hans \u00e5ker. Allt b\u00f6rjade p\u00e5 eftermiddagen och det var tv-kocken Paul Svensson som h\u00f6ll i ett f\u00f6redrag. Han var v\u00e4ldigt inspirerande att lyssna p\u00e5. Han vill att man ska utg\u00e5 fr\u00e5n gr\u00f6nsakerna ist\u00e4llet f\u00f6r &#8230; <span class=\"more\"><a class=\"more-link\" href=\"https:\/\/fixaformen.se\/blogg\/familj\/operakvall-hos-lofwing\/\">[Read more&#8230;]<\/a><\/span><\/p>\n","protected":false},"author":1,"featured_media":0,"comment_status":"open","ping_status":"open","sticky":false,"template":"","format":"standard","meta":{"_mi_skip_tracking":false,"ngg_post_thumbnail":0},"categories":[20],"tags":[],"jetpack_featured_media_url":"","_links":{"self":[{"href":"https:\/\/fixaformen.se\/blogg\/wp-json\/wp\/v2\/posts\/1664"}],"collection":[{"href":"https:\/\/fixaformen.se\/blogg\/wp-json\/wp\/v2\/posts"}],"about":[{"href":"https:\/\/fixaformen.se\/blogg\/wp-json\/wp\/v2\/types\/post"}],"author":[{"embeddable":true,"href":"https:\/\/fixaformen.se\/blogg\/wp-json\/wp\/v2\/users\/1"}],"replies":[{"embeddable":true,"href":"https:\/\/fixaformen.se\/blogg\/wp-json\/wp\/v2\/comments?post=1664"}],"version-history":[{"count":5,"href":"https:\/\/fixaformen.se\/blogg\/wp-json\/wp\/v2\/posts\/1664\/revisions"}],"predecessor-version":[{"id":1676,"href":"https:\/\/fixaformen.se\/blogg\/wp-json\/wp\/v2\/posts\/1664\/revisions\/1676"}],"wp:attachment":[{"href":"https:\/\/fixaformen.se\/blogg\/wp-json\/wp\/v2\/media?parent=1664"}],"wp:term":[{"taxonomy":"category","embeddable":true,"href":"https:\/\/fixaformen.se\/blogg\/wp-json\/wp\/v2\/categories?post=1664"},{"taxonomy":"post_tag","embeddable":true,"href":"https:\/\/fixaformen.se\/blogg\/wp-json\/wp\/v2\/tags?post=1664"}],"curies":[{"name":"wp","href":"https:\/\/api.w.org\/{rel}","templated":true}]}}