{"id":1570,"date":"2013-04-19T10:07:17","date_gmt":"2013-04-19T09:07:17","guid":{"rendered":"http:\/\/fixaformen.se\/blogg\/?p=1570"},"modified":"2013-04-19T10:07:17","modified_gmt":"2013-04-19T09:07:17","slug":"ivar-har-tagit-sina-forsta-steg-9-manader-och-3-veckor-gammal","status":"publish","type":"post","link":"https:\/\/fixaformen.se\/blogg\/ivar\/ivar-har-tagit-sina-forsta-steg-9-manader-och-3-veckor-gammal\/","title":{"rendered":"Ivar har tagit sina f\u00f6rsta steg, 9 m\u00e5nader och 3 veckor gammal!"},"content":{"rendered":"<p>Det \u00e4r helt sjukt vad fort det har g\u00e5tt med Ivars utveckling de senaste tv\u00e5 m\u00e5naderna. Nu \u00e4r han v\u00e4ldigt aktiv och vill g\u00f6ra saker hela tiden vilket \u00e4r skitkul. Allt som har h\u00e4nt p\u00e5verkar tyv\u00e4rr hans s\u00f6mn negativt, han sover oroligt och dr\u00f6mmer nog en del f\u00f6r att bearbeta allt det han upplever nu.<\/p>\n<p>Det \u00e4r inte s\u00e5 konstigt egentligen, f\u00f6r oss \u00e4r det sj\u00e4lvklart att kunna g\u00e5 och g\u00f6ra saker p\u00e5 egen hand, men denne lille man g\u00f6r allt f\u00f6r f\u00f6rsta g\u00e5ngen!<\/p>\n<object type=\"application\/x-shockwave-flash\" width=\"625\" height=\"528\" data=\"http:\/\/getembedplus.com\/embedplus.swf\" id=\"ep9098\">\r<param value=\"http:\/\/getembedplus.com\/embedplus.swf\" name=\"movie\" \/>\r<param value=\"high\" name=\"quality\" \/>\r<param value=\"transparent\" name=\"wmode\" \/>\r<param value=\"always\" name=\"allowscriptaccess\" \/>\r<param value=\"true\" name=\"allowFullScreen\" \/>\r<param name=\"flashvars\" value=\"ytid=Rbflp-FDg_o&width=625&height=496&start=&stop=&rs=w&hd=1&autoplay=0&react=1&chapters=&notes=&amp;rs=w\" \/>\r<iframe class=\"cantembedplus\" title=\"YouTube video player\" width=\"625\" height=\"496\" src=\"http:\/\/www.youtube.com\/embed\/Rbflp-FDg_o?fs=1&hd=1\" frameborder=\"0\" allowfullscreen><\/iframe>\r<\/object>\n<p>Jag lyckades filma hans steg idag!<\/p>\n","protected":false},"excerpt":{"rendered":"<p>Det \u00e4r helt sjukt vad fort det har g\u00e5tt med Ivars utveckling de senaste tv\u00e5 m\u00e5naderna. Nu \u00e4r han v\u00e4ldigt aktiv och vill g\u00f6ra saker hela tiden vilket \u00e4r skitkul. Allt som har h\u00e4nt p\u00e5verkar tyv\u00e4rr hans s\u00f6mn negativt, han sover oroligt och dr\u00f6mmer nog en del f\u00f6r att bearbeta allt det han upplever nu. &#8230; <span class=\"more\"><a class=\"more-link\" href=\"https:\/\/fixaformen.se\/blogg\/ivar\/ivar-har-tagit-sina-forsta-steg-9-manader-och-3-veckor-gammal\/\">[Read more&#8230;]<\/a><\/span><\/p>\n","protected":false},"author":1,"featured_media":0,"comment_status":"open","ping_status":"open","sticky":false,"template":"","format":"standard","meta":{"_mi_skip_tracking":false,"ngg_post_thumbnail":0},"categories":[19],"tags":[],"jetpack_featured_media_url":"","_links":{"self":[{"href":"https:\/\/fixaformen.se\/blogg\/wp-json\/wp\/v2\/posts\/1570"}],"collection":[{"href":"https:\/\/fixaformen.se\/blogg\/wp-json\/wp\/v2\/posts"}],"about":[{"href":"https:\/\/fixaformen.se\/blogg\/wp-json\/wp\/v2\/types\/post"}],"author":[{"embeddable":true,"href":"https:\/\/fixaformen.se\/blogg\/wp-json\/wp\/v2\/users\/1"}],"replies":[{"embeddable":true,"href":"https:\/\/fixaformen.se\/blogg\/wp-json\/wp\/v2\/comments?post=1570"}],"version-history":[{"count":1,"href":"https:\/\/fixaformen.se\/blogg\/wp-json\/wp\/v2\/posts\/1570\/revisions"}],"predecessor-version":[{"id":1571,"href":"https:\/\/fixaformen.se\/blogg\/wp-json\/wp\/v2\/posts\/1570\/revisions\/1571"}],"wp:attachment":[{"href":"https:\/\/fixaformen.se\/blogg\/wp-json\/wp\/v2\/media?parent=1570"}],"wp:term":[{"taxonomy":"category","embeddable":true,"href":"https:\/\/fixaformen.se\/blogg\/wp-json\/wp\/v2\/categories?post=1570"},{"taxonomy":"post_tag","embeddable":true,"href":"https:\/\/fixaformen.se\/blogg\/wp-json\/wp\/v2\/tags?post=1570"}],"curies":[{"name":"wp","href":"https:\/\/api.w.org\/{rel}","templated":true}]}}