{"id":1522,"date":"2013-03-10T20:55:40","date_gmt":"2013-03-10T19:55:40","guid":{"rendered":"http:\/\/fixaformen.se\/blogg\/?p=1522"},"modified":"2013-03-10T20:55:40","modified_gmt":"2013-03-10T19:55:40","slug":"annat-som-hant-i-helgen","status":"publish","type":"post","link":"https:\/\/fixaformen.se\/blogg\/familj\/annat-som-hant-i-helgen\/","title":{"rendered":"Annat som h\u00e4nt i helgen"},"content":{"rendered":"<p>Vi har barns\u00e4krat trappan med nya grindar, Kiddyguard. Ivar blir ju mer och mer r\u00f6rlig s\u00e5 det k\u00e4ndes tryggast s\u00e5.<\/p>\n<p><a href=\"http:\/\/fixaformen.se\/blogg\/wp-content\/uploads\/2013\/03\/P1020354.jpg\"><img decoding=\"async\" loading=\"lazy\" class=\"aligncenter size-large wp-image-1508\" alt=\"P1020354\" src=\"http:\/\/fixaformen.se\/blogg\/wp-content\/uploads\/2013\/03\/P1020354-800x600.jpg\" width=\"625\" height=\"468\" srcset=\"https:\/\/fixaformen.se\/blogg\/wp-content\/uploads\/2013\/03\/P1020354-800x600.jpg 800w, https:\/\/fixaformen.se\/blogg\/wp-content\/uploads\/2013\/03\/P1020354-400x300.jpg 400w, https:\/\/fixaformen.se\/blogg\/wp-content\/uploads\/2013\/03\/P1020354-624x468.jpg 624w, https:\/\/fixaformen.se\/blogg\/wp-content\/uploads\/2013\/03\/P1020354.jpg 1333w\" sizes=\"(max-width: 625px) 100vw, 625px\" \/><\/a><\/p>\n<p>Ivar har en stabilare dygnsrytm nu, vilket g\u00f6r att han vaknar runt halv sju varje dag. Han f\u00f6rst\u00e5r ju inte att det \u00e4r helg och att hans f\u00f6r\u00e4ldrar g\u00e4rna skulle vilja sova vidare lite l\u00e4ngre. S\u00e5 \u00e4r det att vara sm\u00e5barnsf\u00f6r\u00e4ldrar, tur att jag \u00e4r ganska morgonpigg av mig.<\/p>\n<div id=\"attachment_1507\" style=\"width: 635px\" class=\"wp-caption aligncenter\"><a href=\"http:\/\/fixaformen.se\/blogg\/wp-content\/uploads\/2013\/03\/P1020353.jpg\"><img aria-describedby=\"caption-attachment-1507\" decoding=\"async\" loading=\"lazy\" class=\"size-large wp-image-1507\" alt=\"S\u00e5 h\u00e4r ser Ivar ut n\u00e4r han trycker p\u00e5 i bl\u00f6jan.\" src=\"http:\/\/fixaformen.se\/blogg\/wp-content\/uploads\/2013\/03\/P1020353-800x600.jpg\" width=\"625\" height=\"468\" srcset=\"https:\/\/fixaformen.se\/blogg\/wp-content\/uploads\/2013\/03\/P1020353-800x600.jpg 800w, https:\/\/fixaformen.se\/blogg\/wp-content\/uploads\/2013\/03\/P1020353-400x300.jpg 400w, https:\/\/fixaformen.se\/blogg\/wp-content\/uploads\/2013\/03\/P1020353-624x468.jpg 624w, https:\/\/fixaformen.se\/blogg\/wp-content\/uploads\/2013\/03\/P1020353.jpg 1333w\" sizes=\"(max-width: 625px) 100vw, 625px\" \/><\/a><p id=\"caption-attachment-1507\" class=\"wp-caption-text\">S\u00e5 h\u00e4r ser Ivar ut n\u00e4r han trycker p\u00e5 i bl\u00f6jan.<\/p><\/div>\n<p>Ivar har en v\u00e4ldigt seg f\u00f6rkylning, det har nu g\u00e5tt tv\u00e5 veckor sedan han blev sjuk.<\/p>\n<p>Imorgon ska vi g\u00e5 f\u00f6rsta g\u00e5ngen p\u00e5 babysim, ska bli sp\u00e4nnande. Tycker det k\u00e4nns b\u00e4ttre att g\u00e5 nu n\u00e4r han blivit lite \u00e4ldre, det \u00e4r m\u00e5nga som g\u00e5r n\u00e4r deras bebisar \u00e4r 3-4 m\u00e5nader. Vi provade ju en drop-in tid n\u00e4r han var 3 m\u00e5nader, men d\u00e5 blev han ju sjuk efter\u00e5t, fick urinv\u00e4gsinfektion.<\/p>\n<p>&nbsp;<\/p>\n<p>&nbsp;<\/p>\n","protected":false},"excerpt":{"rendered":"<p>Vi har barns\u00e4krat trappan med nya grindar, Kiddyguard. Ivar blir ju mer och mer r\u00f6rlig s\u00e5 det k\u00e4ndes tryggast s\u00e5. Ivar har en stabilare dygnsrytm nu, vilket g\u00f6r att han vaknar runt halv sju varje dag. Han f\u00f6rst\u00e5r ju inte att det \u00e4r helg och att hans f\u00f6r\u00e4ldrar g\u00e4rna skulle vilja sova vidare lite l\u00e4ngre. &#8230; <span class=\"more\"><a class=\"more-link\" href=\"https:\/\/fixaformen.se\/blogg\/familj\/annat-som-hant-i-helgen\/\">[Read more&#8230;]<\/a><\/span><\/p>\n","protected":false},"author":1,"featured_media":0,"comment_status":"open","ping_status":"open","sticky":false,"template":"","format":"standard","meta":{"_mi_skip_tracking":false,"ngg_post_thumbnail":0},"categories":[20],"tags":[],"jetpack_featured_media_url":"","_links":{"self":[{"href":"https:\/\/fixaformen.se\/blogg\/wp-json\/wp\/v2\/posts\/1522"}],"collection":[{"href":"https:\/\/fixaformen.se\/blogg\/wp-json\/wp\/v2\/posts"}],"about":[{"href":"https:\/\/fixaformen.se\/blogg\/wp-json\/wp\/v2\/types\/post"}],"author":[{"embeddable":true,"href":"https:\/\/fixaformen.se\/blogg\/wp-json\/wp\/v2\/users\/1"}],"replies":[{"embeddable":true,"href":"https:\/\/fixaformen.se\/blogg\/wp-json\/wp\/v2\/comments?post=1522"}],"version-history":[{"count":2,"href":"https:\/\/fixaformen.se\/blogg\/wp-json\/wp\/v2\/posts\/1522\/revisions"}],"predecessor-version":[{"id":1524,"href":"https:\/\/fixaformen.se\/blogg\/wp-json\/wp\/v2\/posts\/1522\/revisions\/1524"}],"wp:attachment":[{"href":"https:\/\/fixaformen.se\/blogg\/wp-json\/wp\/v2\/media?parent=1522"}],"wp:term":[{"taxonomy":"category","embeddable":true,"href":"https:\/\/fixaformen.se\/blogg\/wp-json\/wp\/v2\/categories?post=1522"},{"taxonomy":"post_tag","embeddable":true,"href":"https:\/\/fixaformen.se\/blogg\/wp-json\/wp\/v2\/tags?post=1522"}],"curies":[{"name":"wp","href":"https:\/\/api.w.org\/{rel}","templated":true}]}}