{"id":1301,"date":"2012-08-06T09:53:22","date_gmt":"2012-08-06T08:53:22","guid":{"rendered":"http:\/\/fixaformen.se\/blogg\/?p=1301"},"modified":"2012-08-06T09:53:22","modified_gmt":"2012-08-06T08:53:22","slug":"ivar-och-kusin-esmeralda","status":"publish","type":"post","link":"https:\/\/fixaformen.se\/blogg\/ovrigt\/ivar-och-kusin-esmeralda\/","title":{"rendered":"Ivar och kusin Esmeralda"},"content":{"rendered":"<p>Anders bror och fru med dotter \u00e4r p\u00e5 bes\u00f6k nu under denna vecka. Vi var \u00f6ver och fikade hos Bengt och Lena n\u00e4r de var d\u00e4r. S\u00e5 d\u00e5 fick kusinerna umg\u00e5s lite, Esmeralda \u00e4r i f\u00f6r sig lite \u00e4ldre. Hon \u00e4r 1 \u00e5r och 7 m\u00e5nader, hon \u00e4r v\u00e4ldigt fascinerad \u00f6ver Ivar som hon kallar f\u00f6r bebis hela tiden.<\/p>\n<p><a href=\"http:\/\/fixaformen.se\/blogg\/wp-content\/uploads\/2012\/08\/ivar_o_esmeralda.jpg\"><img decoding=\"async\" loading=\"lazy\" class=\"aligncenter size-full wp-image-1303\" title=\"ivar_o_esmeralda\" src=\"http:\/\/fixaformen.se\/blogg\/wp-content\/uploads\/2012\/08\/ivar_o_esmeralda.jpg\" alt=\"Ivar och Esmeralda \" width=\"800\" height=\"600\" srcset=\"https:\/\/fixaformen.se\/blogg\/wp-content\/uploads\/2012\/08\/ivar_o_esmeralda.jpg 800w, https:\/\/fixaformen.se\/blogg\/wp-content\/uploads\/2012\/08\/ivar_o_esmeralda-400x300.jpg 400w\" sizes=\"(max-width: 800px) 100vw, 800px\" \/><\/a><\/p>\n<p>&nbsp;<\/p>\n<p><a href=\"http:\/\/fixaformen.se\/blogg\/wp-content\/uploads\/2012\/08\/esmeralda.jpg\"><img decoding=\"async\" loading=\"lazy\" class=\"aligncenter size-large wp-image-1302\" title=\"esmeralda\" src=\"http:\/\/fixaformen.se\/blogg\/wp-content\/uploads\/2012\/08\/esmeralda-493x800.jpg\" alt=\"Esmeralda \u00e4ter bananglass\" width=\"493\" height=\"800\" srcset=\"https:\/\/fixaformen.se\/blogg\/wp-content\/uploads\/2012\/08\/esmeralda-493x800.jpg 493w, https:\/\/fixaformen.se\/blogg\/wp-content\/uploads\/2012\/08\/esmeralda-246x400.jpg 246w, https:\/\/fixaformen.se\/blogg\/wp-content\/uploads\/2012\/08\/esmeralda.jpg 600w\" sizes=\"(max-width: 493px) 100vw, 493px\" \/><\/a><\/p>\n<p>Esmeralda \u00e4r v\u00e4ldigt mycket f\u00f6r glass f\u00f6r tillf\u00e4llet, s\u00e5 farmor Lena har kommit p\u00e5 att frysa in halva bananer p\u00e5 glasspinnar. Dessa tycker Esmeralda \u00e4r v\u00e4ldigt goda, bananglass som de kallar dem.<\/p>\n","protected":false},"excerpt":{"rendered":"<p>Anders bror och fru med dotter \u00e4r p\u00e5 bes\u00f6k nu under denna vecka. Vi var \u00f6ver och fikade hos Bengt och Lena n\u00e4r de var d\u00e4r. S\u00e5 d\u00e5 fick kusinerna umg\u00e5s lite, Esmeralda \u00e4r i f\u00f6r sig lite \u00e4ldre. Hon \u00e4r 1 \u00e5r och 7 m\u00e5nader, hon \u00e4r v\u00e4ldigt fascinerad \u00f6ver Ivar som hon kallar &#8230; <span class=\"more\"><a class=\"more-link\" href=\"https:\/\/fixaformen.se\/blogg\/ovrigt\/ivar-och-kusin-esmeralda\/\">[Read more&#8230;]<\/a><\/span><\/p>\n","protected":false},"author":1,"featured_media":0,"comment_status":"open","ping_status":"open","sticky":false,"template":"","format":"standard","meta":{"_mi_skip_tracking":false,"ngg_post_thumbnail":0},"categories":[4],"tags":[],"jetpack_featured_media_url":"","_links":{"self":[{"href":"https:\/\/fixaformen.se\/blogg\/wp-json\/wp\/v2\/posts\/1301"}],"collection":[{"href":"https:\/\/fixaformen.se\/blogg\/wp-json\/wp\/v2\/posts"}],"about":[{"href":"https:\/\/fixaformen.se\/blogg\/wp-json\/wp\/v2\/types\/post"}],"author":[{"embeddable":true,"href":"https:\/\/fixaformen.se\/blogg\/wp-json\/wp\/v2\/users\/1"}],"replies":[{"embeddable":true,"href":"https:\/\/fixaformen.se\/blogg\/wp-json\/wp\/v2\/comments?post=1301"}],"version-history":[{"count":2,"href":"https:\/\/fixaformen.se\/blogg\/wp-json\/wp\/v2\/posts\/1301\/revisions"}],"predecessor-version":[{"id":1305,"href":"https:\/\/fixaformen.se\/blogg\/wp-json\/wp\/v2\/posts\/1301\/revisions\/1305"}],"wp:attachment":[{"href":"https:\/\/fixaformen.se\/blogg\/wp-json\/wp\/v2\/media?parent=1301"}],"wp:term":[{"taxonomy":"category","embeddable":true,"href":"https:\/\/fixaformen.se\/blogg\/wp-json\/wp\/v2\/categories?post=1301"},{"taxonomy":"post_tag","embeddable":true,"href":"https:\/\/fixaformen.se\/blogg\/wp-json\/wp\/v2\/tags?post=1301"}],"curies":[{"name":"wp","href":"https:\/\/api.w.org\/{rel}","templated":true}]}}