{"id":1296,"date":"2012-07-22T14:51:36","date_gmt":"2012-07-22T13:51:36","guid":{"rendered":"http:\/\/fixaformen.se\/blogg\/?p=1296"},"modified":"2012-07-22T14:51:36","modified_gmt":"2012-07-22T13:51:36","slug":"mycket-fokus-pa-ivar","status":"publish","type":"post","link":"https:\/\/fixaformen.se\/blogg\/ovrigt\/mycket-fokus-pa-ivar\/","title":{"rendered":"Mycket fokus p\u00e5 Ivar"},"content":{"rendered":"<p>Idag s\u00e5 testade jag med att l\u00e4gga han fritt p\u00e5 golvet och p\u00e5 mage. Var beredd p\u00e5 att han inte skulle gilla det, men det gick \u00f6ver f\u00f6rv\u00e4ntan faktiskt. Kan bero p\u00e5 att han ligger mycket p\u00e5 mage hos mig och Anders och det gillar han starkt med den n\u00e4rheten.<\/p>\n<object type=\"application\/x-shockwave-flash\" width=\"640\" height=\"539\" data=\"http:\/\/getembedplus.com\/embedplus.swf\" id=\"ep8846\">\r<param value=\"http:\/\/getembedplus.com\/embedplus.swf\" name=\"movie\" \/>\r<param value=\"high\" name=\"quality\" \/>\r<param value=\"transparent\" name=\"wmode\" \/>\r<param value=\"always\" name=\"allowscriptaccess\" \/>\r<param value=\"true\" name=\"allowFullScreen\" \/>\r<param name=\"flashvars\" value=\"ytid=U1_SuUutmtM&width=640&height=507&start=&stop=&rs=w&hd=0&react=1&chapters=&notes=&amp;rs=w\" \/>\r<iframe class=\"cantembedplus\" title=\"YouTube video player\" width=\"640\" height=\"507\" src=\"http:\/\/www.youtube.com\/embed\/U1_SuUutmtM?fs=1\" frameborder=\"0\" allowfullscreen><\/iframe>\r<\/object>\n<p>Annars k\u00e4nns det som att fler och fler rutiner kommer efterhand, men samtidigt kan han bryta dem ocks\u00e5, men det \u00e4r s\u00e5dant vi f\u00e5r r\u00e4kna med nu n\u00e4r han \u00e4r s\u00e5 liten. Han \u00e4r 25 dagar gammal idag, p\u00e5 n\u00e5got vis k\u00e4nns det som ganska gammalt men det \u00e4r det verkligen inte, det blir nog s\u00e5 n\u00e4r jag framf\u00f6rallt \u00e4r med honom hela tiden. Vi \u00e4r ett team och ska vara det l\u00e5ngt in i framtiden.<\/p>\n","protected":false},"excerpt":{"rendered":"<p>Idag s\u00e5 testade jag med att l\u00e4gga han fritt p\u00e5 golvet och p\u00e5 mage. Var beredd p\u00e5 att han inte skulle gilla det, men det gick \u00f6ver f\u00f6rv\u00e4ntan faktiskt. Kan bero p\u00e5 att han ligger mycket p\u00e5 mage hos mig och Anders och det gillar han starkt med den n\u00e4rheten. Annars k\u00e4nns det som att &#8230; <span class=\"more\"><a class=\"more-link\" href=\"https:\/\/fixaformen.se\/blogg\/ovrigt\/mycket-fokus-pa-ivar\/\">[Read more&#8230;]<\/a><\/span><\/p>\n","protected":false},"author":1,"featured_media":0,"comment_status":"open","ping_status":"open","sticky":false,"template":"","format":"standard","meta":{"_mi_skip_tracking":false,"ngg_post_thumbnail":0},"categories":[4],"tags":[],"jetpack_featured_media_url":"","_links":{"self":[{"href":"https:\/\/fixaformen.se\/blogg\/wp-json\/wp\/v2\/posts\/1296"}],"collection":[{"href":"https:\/\/fixaformen.se\/blogg\/wp-json\/wp\/v2\/posts"}],"about":[{"href":"https:\/\/fixaformen.se\/blogg\/wp-json\/wp\/v2\/types\/post"}],"author":[{"embeddable":true,"href":"https:\/\/fixaformen.se\/blogg\/wp-json\/wp\/v2\/users\/1"}],"replies":[{"embeddable":true,"href":"https:\/\/fixaformen.se\/blogg\/wp-json\/wp\/v2\/comments?post=1296"}],"version-history":[{"count":3,"href":"https:\/\/fixaformen.se\/blogg\/wp-json\/wp\/v2\/posts\/1296\/revisions"}],"predecessor-version":[{"id":1299,"href":"https:\/\/fixaformen.se\/blogg\/wp-json\/wp\/v2\/posts\/1296\/revisions\/1299"}],"wp:attachment":[{"href":"https:\/\/fixaformen.se\/blogg\/wp-json\/wp\/v2\/media?parent=1296"}],"wp:term":[{"taxonomy":"category","embeddable":true,"href":"https:\/\/fixaformen.se\/blogg\/wp-json\/wp\/v2\/categories?post=1296"},{"taxonomy":"post_tag","embeddable":true,"href":"https:\/\/fixaformen.se\/blogg\/wp-json\/wp\/v2\/tags?post=1296"}],"curies":[{"name":"wp","href":"https:\/\/api.w.org\/{rel}","templated":true}]}}