{"id":1279,"date":"2012-07-09T14:21:33","date_gmt":"2012-07-09T13:21:33","guid":{"rendered":"http:\/\/fixaformen.se\/blogg\/?p=1279"},"modified":"2012-07-09T14:21:33","modified_gmt":"2012-07-09T13:21:33","slug":"ivar-12-dagar","status":"publish","type":"post","link":"https:\/\/fixaformen.se\/blogg\/ovrigt\/ivar-12-dagar\/","title":{"rendered":"Ivar 12 dagar"},"content":{"rendered":"<p>Dagarna rullar p\u00e5 och vi h\u00e5ller p\u00e5 att anpassa oss till det nya livet som f\u00f6r\u00e4ldrar. Alldeles strax kommer en barnmorska p\u00e5 hembes\u00f6k fr\u00e5n Bvc och ska kolla p\u00e5 hur vi har det och om lille Ivar m\u00e5r bra.<\/p>\n<p><a href=\"http:\/\/fixaformen.se\/blogg\/wp-content\/uploads\/2012\/07\/P1010548bw.jpg\"><img decoding=\"async\" loading=\"lazy\" class=\"aligncenter size-full wp-image-1281\" title=\"P1010548bw\" src=\"http:\/\/fixaformen.se\/blogg\/wp-content\/uploads\/2012\/07\/P1010548bw.jpg\" alt=\"\" width=\"800\" height=\"600\" srcset=\"https:\/\/fixaformen.se\/blogg\/wp-content\/uploads\/2012\/07\/P1010548bw.jpg 800w, https:\/\/fixaformen.se\/blogg\/wp-content\/uploads\/2012\/07\/P1010548bw-400x300.jpg 400w\" sizes=\"(max-width: 800px) 100vw, 800px\" \/><\/a><\/p>\n<p>&nbsp;<\/p>\n<p>Jag filmade honom n\u00e4r han h\u00f6ll p\u00e5 att vakna upp f\u00f6rut. Ser ut som om han skrattar till lite.<\/p>\n<object type=\"application\/x-shockwave-flash\" width=\"640\" height=\"420\" data=\"http:\/\/getembedplus.com\/embedplus.swf\" id=\"ep9938\">\r<param value=\"http:\/\/getembedplus.com\/embedplus.swf\" name=\"movie\" \/>\r<param value=\"high\" name=\"quality\" \/>\r<param value=\"transparent\" name=\"wmode\" \/>\r<param value=\"always\" name=\"allowscriptaccess\" \/>\r<param value=\"true\" name=\"allowFullScreen\" \/>\r<param name=\"flashvars\" value=\"ytid=1COCRmUQrkA&width=640&height=388&start=&stop=&rs=w&hd=0&react=1&chapters=&notes=&amp;rs=w\" \/>\r<iframe class=\"cantembedplus\" title=\"YouTube video player\" width=\"640\" height=\"388\" src=\"http:\/\/www.youtube.com\/embed\/1COCRmUQrkA?fs=1\" frameborder=\"0\" allowfullscreen><\/iframe>\r<\/object>\n","protected":false},"excerpt":{"rendered":"<p>Dagarna rullar p\u00e5 och vi h\u00e5ller p\u00e5 att anpassa oss till det nya livet som f\u00f6r\u00e4ldrar. Alldeles strax kommer en barnmorska p\u00e5 hembes\u00f6k fr\u00e5n Bvc och ska kolla p\u00e5 hur vi har det och om lille Ivar m\u00e5r bra. &nbsp; Jag filmade honom n\u00e4r han h\u00f6ll p\u00e5 att vakna upp f\u00f6rut. Ser ut som om &#8230; <span class=\"more\"><a class=\"more-link\" href=\"https:\/\/fixaformen.se\/blogg\/ovrigt\/ivar-12-dagar\/\">[Read more&#8230;]<\/a><\/span><\/p>\n","protected":false},"author":1,"featured_media":0,"comment_status":"open","ping_status":"open","sticky":false,"template":"","format":"standard","meta":{"_mi_skip_tracking":false,"ngg_post_thumbnail":0},"categories":[4],"tags":[],"jetpack_featured_media_url":"","_links":{"self":[{"href":"https:\/\/fixaformen.se\/blogg\/wp-json\/wp\/v2\/posts\/1279"}],"collection":[{"href":"https:\/\/fixaformen.se\/blogg\/wp-json\/wp\/v2\/posts"}],"about":[{"href":"https:\/\/fixaformen.se\/blogg\/wp-json\/wp\/v2\/types\/post"}],"author":[{"embeddable":true,"href":"https:\/\/fixaformen.se\/blogg\/wp-json\/wp\/v2\/users\/1"}],"replies":[{"embeddable":true,"href":"https:\/\/fixaformen.se\/blogg\/wp-json\/wp\/v2\/comments?post=1279"}],"version-history":[{"count":11,"href":"https:\/\/fixaformen.se\/blogg\/wp-json\/wp\/v2\/posts\/1279\/revisions"}],"predecessor-version":[{"id":1291,"href":"https:\/\/fixaformen.se\/blogg\/wp-json\/wp\/v2\/posts\/1279\/revisions\/1291"}],"wp:attachment":[{"href":"https:\/\/fixaformen.se\/blogg\/wp-json\/wp\/v2\/media?parent=1279"}],"wp:term":[{"taxonomy":"category","embeddable":true,"href":"https:\/\/fixaformen.se\/blogg\/wp-json\/wp\/v2\/categories?post=1279"},{"taxonomy":"post_tag","embeddable":true,"href":"https:\/\/fixaformen.se\/blogg\/wp-json\/wp\/v2\/tags?post=1279"}],"curies":[{"name":"wp","href":"https:\/\/api.w.org\/{rel}","templated":true}]}}