{"id":1255,"date":"2012-07-05T13:17:02","date_gmt":"2012-07-05T12:17:02","guid":{"rendered":"http:\/\/fixaformen.se\/blogg\/?p=1255"},"modified":"2012-07-05T14:02:57","modified_gmt":"2012-07-05T13:02:57","slug":"min-forlossningsberattelse","status":"publish","type":"post","link":"https:\/\/fixaformen.se\/blogg\/ovrigt\/min-forlossningsberattelse\/","title":{"rendered":"Min f\u00f6rlossningsber\u00e4ttelse"},"content":{"rendered":"<p>Kanske det inte \u00e4r m\u00e5nga som vill l\u00e4sa om, men jag k\u00e4nner f\u00f6r att skriva ner den, s\u00e5 l\u00e4s inte vidare om du inte \u00e4r vill helt enkelt.<\/p>\n<p>V\u00e5r son Ivar var ber\u00e4knad till s\u00f6ndagen den 17:e juni, jag hoppades att han kunde titta ut n\u00e5gon dag tidigare men det gjorde han ju inte. Midsommar veckan gick och jag vilade mycket, s\u00e4rskilt i h\u00f6gl\u00e4ge eftersom jag hade samlat p\u00e5 mig v\u00e4ldigt mycket v\u00e4tska under graviditeten. Vi var hos v\u00e5r ordinarie barnmorska m\u00e5ndagen den 18:e juni, allt s\u00e5g normalt och bra ut. Dagarna gick och jag f\u00f6rs\u00f6kte k\u00e4nna efter om det var n\u00e5gra sammandragningar eller f\u00f6rv\u00e4rkar p\u00e5 g\u00e5ng, men inget. Till slut \u00f6nskade jag att sm\u00e4rtan skulle dra ig\u00e5ng och f\u00e5 k\u00e4nna p\u00e5 hur den omtalade sm\u00e4rtan skulle k\u00e4nnas. Det \u00e4r ju n\u00e5got jag i alla fall g\u00e5tt och t\u00e4nkt p\u00e5 under graviditeten och peppat mig sj\u00e4lv f\u00f6r att ha r\u00e4tt inst\u00e4llning till f\u00f6rlossningen och sm\u00e4rtan.<\/p>\n<p>&nbsp;<\/p>\n<p>V\u00e5rt sista bes\u00f6k hos barnmorskan var den 26:e juni allts\u00e5 9 dagar efter ber\u00e4knat datum. Denna g\u00e5ng gick vi till en annan barnmorska, eftersom v\u00e5r hade g\u00e5tt p\u00e5 semester. Vi gjorde det klassiska kissade, m\u00e4tte magen och blodtryck, resultatet av detta var att helt pl\u00f6tsligt var det \u00e4ggvita i urinet och jag hade ett blodtryck p\u00e5 100\/140. Detta \u00e4r ju tv\u00e5 symptom p\u00e5 havandeskapsf\u00f6rgiftning, s\u00e5 barnmorskan ringde till KSS i Sk\u00f6vde, vi fick tid till unders\u00f6kning dagen efter hos dem. Men barnmorskan trodde inte att det var n\u00e5got allvarligt och hon sa inget om att det kunde vara havandeskapsf\u00f6rgiftning och att det i s\u00e5 fall kunde resultera i kejsarsnitt. Detta var n\u00e5got jag sj\u00e4lv hade l\u00e4st till mig att det kunde bli s\u00e5, men jag hade ingen tanke p\u00e5 att det skulle bli s\u00e5.<\/p>\n<p>S\u00e5 onsdag den 27:e juni \u00e5kte jag och Anders till KSS i Sk\u00f6vde f\u00f6r att unders\u00f6ka l\u00e4get. Mitt kissprov visade att det fortfarande var \u00e4ggvita i men blodtrycket var l\u00e4gre, kommer inte ih\u00e5g vad det var.Efter det fick vi tr\u00e4ffa en l\u00e4kare som skulle unders\u00f6ka mig med ultraljud, ultraljudet visade snabbt att v\u00e5r lille kille l\u00e5g i s\u00e4te. \u00c4ven fast l\u00e4karen inte sa det direkt ut s\u00e5 f\u00f6rstod b\u00e5de jag och Anders att det lutade mot kejsarsnitt. L\u00e4karen fortsatte med sin unders\u00f6kning f\u00f6r att tippa p\u00e5 hur stor han var d\u00e4r inne. M\u00e4tningarna visade att han kunde v\u00e4ga runt 3400gr, men de visade ocks\u00e5 att det knappt var n\u00e5got fostervatten kvar.<\/p>\n<p>L\u00e4karen var v\u00e4ldigt f\u00f6rsiktig med hur han la fram m\u00f6jligheterna, inte f\u00f6r att det fanns n\u00e5got annat \u00e4n kejsarsnitt s\u00e5 vill de nog framf\u00f6ra det p\u00e5 bra s\u00e4tt, s\u00e5 att vi kunde sm\u00e4lta allt. Allt talade emot en vaginalf\u00f6rlossning, ska man g\u00f6ra en v\u00e4ndning p\u00e5 en bebis s\u00e5 g\u00f6rs det i vecka 36 och man lyckas i 50% av fallen. Med tanke p\u00e5 att det var s\u00e5 lite fostervatten s\u00e5 var ingen v\u00e4ndning att t\u00e4nka p\u00e5 och att f\u00f6da i s\u00e4te med f\u00f6r lite fostervatten \u00e4r farligt f\u00f6r bebisen. S\u00e5 det var kejsarsnitt som g\u00e4llde, fr\u00e5gan var bara n\u00e4r och till en b\u00f6rjan var det antingen samma dag eller dagen efter.<\/p>\n<p>Vi fick sitta ner i ett rum och v\u00e4nta p\u00e5 besked, beskedet blev att det var lika bra att g\u00f6ra det samma dag. Prelimin\u00e4rt blev tiden f\u00f6r start kl. 14.30, vi flyttades \u00f6ver till f\u00f6rlossningsavdelningen f\u00f6r f\u00f6rberedelser inf\u00f6r kejsarsnittet. Operationssalen blev f\u00e4rdig tidigare, s\u00e5 de ville starta tidigare, vilket inte gjorde oss n\u00e5got s\u00e5 klart. Vi var ju s\u00e5 sp\u00e4nda och nyfikna p\u00e5 att tr\u00e4ffa v\u00e5rt mirakel. Tror vi rullade in till operationssalen kl. 14.oo ungef\u00e4r. V\u00e4l d\u00e4r kom narkosl\u00e4karen f\u00f6r att ge mig ryggbed\u00f6vningen som gjorde att jag kunde vara vaken men inte att k\u00e4nna n\u00e5gon sm\u00e4rta. Att f\u00e5 ryggbed\u00f6vning \u00e4r inte alls sk\u00f6nt, utan det k\u00e4ndes rej\u00e4lt (bra att veta till n\u00e4sta g\u00e5ng f\u00f6r d\u00e5 planerar vi vaginalf\u00f6rlossning). N\u00e4r v\u00e4l bed\u00f6vningen tagit s\u00e5 dr\u00f6jde det inte m\u00e5nga minuter till som vi fick h\u00f6ra den lilla skrika utanf\u00f6r min mage. Det var s\u00e5 himla sk\u00f6nt att h\u00f6ra han skrika och jag kunde inte h\u00e5lla tillbaka gl\u00e4djet\u00e5rarna. Barnmorskan p\u00e5 plats tog hand om honom och klippte hans navelstr\u00e4ng, Anders k\u00e4nde att det var s\u00e4krast s\u00e5. Sedan n\u00e4r barnmorskan unders\u00f6kt honom och sett till att han andades s\u00e5 fick Anders \u00e4ran att h\u00e5lla honom.<\/p>\n<p>&nbsp;<\/p>\n<div id=\"attachment_1261\" style=\"width: 810px\" class=\"wp-caption aligncenter\"><a href=\"http:\/\/fixaformen.se\/blogg\/wp-content\/uploads\/2012\/07\/P1010523.jpg\"><img aria-describedby=\"caption-attachment-1261\" decoding=\"async\" loading=\"lazy\" class=\"size-full wp-image-1261\" title=\"P1010523\" src=\"http:\/\/fixaformen.se\/blogg\/wp-content\/uploads\/2012\/07\/P1010523.jpg\" alt=\"\" width=\"800\" height=\"600\" srcset=\"https:\/\/fixaformen.se\/blogg\/wp-content\/uploads\/2012\/07\/P1010523.jpg 800w, https:\/\/fixaformen.se\/blogg\/wp-content\/uploads\/2012\/07\/P1010523-400x300.jpg 400w\" sizes=\"(max-width: 800px) 100vw, 800px\" \/><\/a><p id=\"caption-attachment-1261\" class=\"wp-caption-text\">F\u00f6rsta bilden p\u00e5 v\u00e5rt lilla mirakel<\/p><\/div>\n<p>&nbsp;<\/p>\n<div id=\"attachment_1262\" style=\"width: 810px\" class=\"wp-caption aligncenter\"><a href=\"http:\/\/fixaformen.se\/blogg\/wp-content\/uploads\/2012\/07\/P1010524.jpg\"><img aria-describedby=\"caption-attachment-1262\" decoding=\"async\" loading=\"lazy\" class=\"size-full wp-image-1262\" title=\"P1010524\" src=\"http:\/\/fixaformen.se\/blogg\/wp-content\/uploads\/2012\/07\/P1010524.jpg\" alt=\"\" width=\"800\" height=\"600\" srcset=\"https:\/\/fixaformen.se\/blogg\/wp-content\/uploads\/2012\/07\/P1010524.jpg 800w, https:\/\/fixaformen.se\/blogg\/wp-content\/uploads\/2012\/07\/P1010524-400x300.jpg 400w\" sizes=\"(max-width: 800px) 100vw, 800px\" \/><\/a><p id=\"caption-attachment-1262\" class=\"wp-caption-text\">S\u00f6t direkt fr\u00e5n mammas mage<\/p><\/div>\n<p>&nbsp;<\/p>\n<p>Efter det s\u00e5 skulle jag sys igen, vilket tog lite l\u00e4ngre tid, inte f\u00f6r att jag har n\u00e5gon tidsuppfattning. N\u00e4r jag sedan skulle rullas ut uppt\u00e4ckte de att min livmoder inte riktigt b\u00f6rjat dra ihop sig. F\u00f6r detta var de 3st som masserade min mage h\u00e5rt och l\u00e4nge, inte f\u00f6r att jag k\u00e4nde n\u00e5got men jag k\u00e4nde ju \u00e4nd\u00e5 hur de drog i mig. Men allt gick bra och jag rullades in till v\u00e5rt rum p\u00e5 f\u00f6rlossningsavdelningen, d\u00e4r det var dags f\u00f6r f\u00f6rsta amningen. Ivar hade stenkoll direkt och s\u00f6g sig lycklig p\u00e5 r\u00e5mj\u00f6lken v\u00e4ldigt l\u00e4nge och barnmorska var v\u00e4ldigt n\u00f6jd med detta.<\/p>\n<p>&nbsp;<\/p>\n<p><a href=\"http:\/\/fixaformen.se\/blogg\/wp-content\/uploads\/2012\/07\/P1010528.jpg\"><img decoding=\"async\" loading=\"lazy\" class=\"aligncenter size-full wp-image-1263\" title=\"P1010528\" src=\"http:\/\/fixaformen.se\/blogg\/wp-content\/uploads\/2012\/07\/P1010528.jpg\" alt=\"\" width=\"800\" height=\"600\" srcset=\"https:\/\/fixaformen.se\/blogg\/wp-content\/uploads\/2012\/07\/P1010528.jpg 800w, https:\/\/fixaformen.se\/blogg\/wp-content\/uploads\/2012\/07\/P1010528-400x300.jpg 400w\" sizes=\"(max-width: 800px) 100vw, 800px\" \/><\/a><\/p>\n<p>&nbsp;<\/p>\n<p>Jag k\u00e4nde mig v\u00e4ldigt l\u00e5st eftersom jag hade 3st olika drop, en pulsm\u00e4tare p\u00e5 ett finger, blodtrycksmanschett som drog ig\u00e5ng en g\u00e5ng i kvarten i 3 timmar och sedan hade jag en kateter inpluggad. Det var inte helt l\u00e4tt att ta hand om den lilla i b\u00f6rjan, bed\u00f6vningen satt i ganska l\u00e4nge i kroppen ocks\u00e5, kommer inte exakt hur l\u00e4nge. Efterhand blev jag av med de olika sakerna och n\u00e4r vi senare flyttades till BB var det bara katetern och n\u00e5larna till droppen som var kvar.<\/p>\n<p>&nbsp;<\/p>\n<p><a href=\"http:\/\/fixaformen.se\/blogg\/wp-content\/uploads\/2012\/07\/P1010531.jpg\"><img decoding=\"async\" loading=\"lazy\" class=\"aligncenter size-full wp-image-1264\" title=\"P1010531\" src=\"http:\/\/fixaformen.se\/blogg\/wp-content\/uploads\/2012\/07\/P1010531.jpg\" alt=\"\" width=\"800\" height=\"600\" srcset=\"https:\/\/fixaformen.se\/blogg\/wp-content\/uploads\/2012\/07\/P1010531.jpg 800w, https:\/\/fixaformen.se\/blogg\/wp-content\/uploads\/2012\/07\/P1010531-400x300.jpg 400w\" sizes=\"(max-width: 800px) 100vw, 800px\" \/><\/a><\/p>\n<p>&nbsp;<\/p>\n<div id=\"attachment_1265\" style=\"width: 810px\" class=\"wp-caption aligncenter\"><a href=\"http:\/\/fixaformen.se\/blogg\/wp-content\/uploads\/2012\/07\/P1010540.jpg\"><img aria-describedby=\"caption-attachment-1265\" decoding=\"async\" loading=\"lazy\" class=\"size-full wp-image-1265\" title=\"P1010540\" src=\"http:\/\/fixaformen.se\/blogg\/wp-content\/uploads\/2012\/07\/P1010540.jpg\" alt=\"\" width=\"800\" height=\"600\" srcset=\"https:\/\/fixaformen.se\/blogg\/wp-content\/uploads\/2012\/07\/P1010540.jpg 800w, https:\/\/fixaformen.se\/blogg\/wp-content\/uploads\/2012\/07\/P1010540-400x300.jpg 400w\" sizes=\"(max-width: 800px) 100vw, 800px\" \/><\/a><p id=\"caption-attachment-1265\" class=\"wp-caption-text\">V\u00e4ldigt lycklig \u00f6ver v\u00e5rt lilla mirakel<\/p><\/div>\n<p>&nbsp;<\/p>\n<p>P\u00e5 BB fick Anders stanna kvar och vi fick ett eget rum, vilket var v\u00e4ldigt sk\u00f6nt. P\u00e5 natten tog de \u00e4ntligen bort n\u00e5larna till droppen som jag hade haft, de var v\u00e4ldigt mycket i v\u00e4gen. Kvar var nu bara att jag fortfarande var s\u00e4ngliggandes och med kateter, det var dagen efter vid 9 tiden som de unders\u00f6kte om jag kunde resa p\u00e5 mig. Jag var v\u00e4ldigt beslutsam om att bli av med katetern och f\u00e5 tillbaka min frihet, s\u00e5 jag masade mig ut till s\u00e4ngkanten p\u00e5 ren vilja. Barnmorskan blev f\u00f6rv\u00e5nad \u00f6ver hur bra det gick och hur pigg jag s\u00e5g ut, s\u00e5 jag fick rest mig upp och allt k\u00e4ndes okej. Barnmorskan besl\u00f6t att plocka katetern och att jag kunde g\u00e5 och duscha snart. Jag k\u00e4nde mig v\u00e4ldigt ofr\u00e4sch och l\u00e4ngtade till den duschen.<\/p>\n<p>Lite senare p\u00e5 f\u00f6rmiddagen s\u00e5 unders\u00f6ktes Ivar av en barnl\u00e4kare, hon kom fram till att han var godk\u00e4nd f\u00f6r att \u00e5ka hem. Det enda hon reflekterade \u00f6ver var att han var vigare \u00e4n vanligt i h\u00f6ften, hon trodde att det var resultatet av att han antagligen legat i s\u00e4te st\u00f6rre delen av tiden. Om det nu var s\u00e5, s\u00e5 har v\u00e5r barnmorska trott fel och sagt att han l\u00e5g med huvudet ner\u00e5t v\u00e4ldigt tidigt.<\/p>\n<p>Ivar var godk\u00e4nd f\u00f6r hemg\u00e5ng men inte jag, jag skulle f\u00e5 ig\u00e5ng b\u00e5de kissande och tarmarna igen, ja det var s\u00e4kert mer. allt eftersom tiden gick s\u00e5 bockade vi av de saker som beh\u00f6vdes f\u00f6r att vi skulle f\u00e5 \u00e5ka hem. N\u00e4r vi fr\u00e5gade p\u00e5 kv\u00e4llen p\u00e5 torsdagen om n\u00e4r vi fick \u00e5ka hem, s\u00e5 skulle vi f\u00e5 g\u00f6ra det dagen efter p\u00e5 fredagen p\u00e5 f\u00f6rmiddagen. Vilket k\u00e4ndes verkligen sk\u00f6nt, att f\u00e5 komma hem och sova i sin egen s\u00e4ng.<\/p>\n<p>Allt som allt gick det f\u00f6rv\u00e5nansv\u00e4rt bra och vi \u00e4r tacksamma f\u00f6r att v\u00e5r lille Ivar \u00e4r med oss. All personal p\u00e5 KSS var v\u00e4ldigt bra f\u00f6rutom n\u00e5gra undantag, men annars har sjukhusvistelsen varit positiv. Jag har s\u00e4kert gl\u00f6mt en del, allt h\u00e4nde s\u00e5 snabbt och s\u00e5 mycket direkt. Men nu \u00e4r vi hemma och h\u00e5ller p\u00e5 att anpassa oss till v\u00e5rt nya familjeliv.<\/p>\n","protected":false},"excerpt":{"rendered":"<p>Kanske det inte \u00e4r m\u00e5nga som vill l\u00e4sa om, men jag k\u00e4nner f\u00f6r att skriva ner den, s\u00e5 l\u00e4s inte vidare om du inte \u00e4r vill helt enkelt. V\u00e5r son Ivar var ber\u00e4knad till s\u00f6ndagen den 17:e juni, jag hoppades att han kunde titta ut n\u00e5gon dag tidigare men det gjorde han ju inte. Midsommar &#8230; <span class=\"more\"><a class=\"more-link\" href=\"https:\/\/fixaformen.se\/blogg\/ovrigt\/min-forlossningsberattelse\/\">[Read more&#8230;]<\/a><\/span><\/p>\n","protected":false},"author":1,"featured_media":0,"comment_status":"open","ping_status":"open","sticky":false,"template":"","format":"standard","meta":{"_mi_skip_tracking":false,"ngg_post_thumbnail":0},"categories":[4],"tags":[],"jetpack_featured_media_url":"","_links":{"self":[{"href":"https:\/\/fixaformen.se\/blogg\/wp-json\/wp\/v2\/posts\/1255"}],"collection":[{"href":"https:\/\/fixaformen.se\/blogg\/wp-json\/wp\/v2\/posts"}],"about":[{"href":"https:\/\/fixaformen.se\/blogg\/wp-json\/wp\/v2\/types\/post"}],"author":[{"embeddable":true,"href":"https:\/\/fixaformen.se\/blogg\/wp-json\/wp\/v2\/users\/1"}],"replies":[{"embeddable":true,"href":"https:\/\/fixaformen.se\/blogg\/wp-json\/wp\/v2\/comments?post=1255"}],"version-history":[{"count":8,"href":"https:\/\/fixaformen.se\/blogg\/wp-json\/wp\/v2\/posts\/1255\/revisions"}],"predecessor-version":[{"id":1259,"href":"https:\/\/fixaformen.se\/blogg\/wp-json\/wp\/v2\/posts\/1255\/revisions\/1259"}],"wp:attachment":[{"href":"https:\/\/fixaformen.se\/blogg\/wp-json\/wp\/v2\/media?parent=1255"}],"wp:term":[{"taxonomy":"category","embeddable":true,"href":"https:\/\/fixaformen.se\/blogg\/wp-json\/wp\/v2\/categories?post=1255"},{"taxonomy":"post_tag","embeddable":true,"href":"https:\/\/fixaformen.se\/blogg\/wp-json\/wp\/v2\/tags?post=1255"}],"curies":[{"name":"wp","href":"https:\/\/api.w.org\/{rel}","templated":true}]}}